{"id":2563,"date":"2017-07-04T14:02:55","date_gmt":"2017-07-04T17:02:55","guid":{"rendered":"https:\/\/hostnetart.com.br\/baixada\/pressione-os-parlamentares-e-envie-sua-mensagem-contra-a-reforma-trabalhista\/"},"modified":"2017-07-04T14:02:55","modified_gmt":"2017-07-04T17:02:55","slug":"pressione-os-parlamentares-e-envie-sua-mensagem-contra-a-reforma-trabalhista","status":"publish","type":"post","link":"https:\/\/hostnetart.com.br\/baixada\/pressione-os-parlamentares-e-envie-sua-mensagem-contra-a-reforma-trabalhista\/","title":{"rendered":"Pressione os parlamentares e envie sua mensagem contra a reforma trabalhista"},"content":{"rendered":"<p>No \u00faltimo dia 28 de junho, o projeto da Reforma Trabalhista foi aprovado na Comiss\u00e3o de Constitui\u00e7\u00e3o de Justi\u00e7a e Cidadania (CCJ) do Senado. O pr\u00f3ximo passo ser\u00e1 a an\u00e1lise pelo plen\u00e1rio do pedido de urg\u00eancia para vota\u00e7\u00e3o da proposta nesta ter\u00e7a (4\/7) ou quarta-feira (5\/7). O Projeto de Lei da C\u00e2mara (PLC 38) extingue direitos fundamentais dos trabalhadores previstos na CLT (Consolida\u00e7\u00e3o das Leis do Trabalho). Se for aprovado, a mat\u00e9ria vai para a vota\u00e7\u00e3o definitiva no plen\u00e1rio e, em seguida, sepender\u00e1 apenas da san\u00e7\u00e3o de Michel Temer, que evidentemente vai assinar a lei para atender aos interesses de banqueiros e empres\u00e1rios.<br \/>S\u00f3 h\u00e1 uma sa\u00edda para barrar o projeto: a press\u00e3o popular. Envie sua mensagem para os parlamentares protestando contra a reforma que extingue direitos. Basta entrar na plataforma https:\/\/napressao.org.br\/, uma poderosa ferramenta na Internet de press\u00e3o popular criada pela CUT (Central \u00danica dos Trabalhadores) para barrar as reformas que prejudicam o povo brasileiro.<\/p>\n","protected":false},"excerpt":{"rendered":"<p>No \u00faltimo dia 28 de junho, o projeto da Reforma Trabalhista foi aprovado na Comiss\u00e3o de Constitui\u00e7\u00e3o de Justi\u00e7a e Cidadania (CCJ) do Senado. O pr\u00f3ximo passo ser\u00e1 a an\u00e1lise pelo plen\u00e1rio do pedido de urg\u00eancia para vota\u00e7\u00e3o da proposta nesta ter\u00e7a (4\/7) ou quarta-feira (5\/7). O Projeto de Lei da C\u00e2mara (PLC 38) extingue [&hellip;]<\/p>\n","protected":false},"author":2,"featured_media":2562,"comment_status":"","ping_status":"","sticky":false,"template":"","format":"standard","meta":{"footnotes":""},"categories":[3],"tags":[],"class_list":["post-2563","post","type-post","status-publish","format-standard","has-post-thumbnail","hentry","category-noticias"],"_links":{"self":[{"href":"https:\/\/hostnetart.com.br\/baixada\/wp-json\/wp\/v2\/posts\/2563","targetHints":{"allow":["GET"]}}],"collection":[{"href":"https:\/\/hostnetart.com.br\/baixada\/wp-json\/wp\/v2\/posts"}],"about":[{"href":"https:\/\/hostnetart.com.br\/baixada\/wp-json\/wp\/v2\/types\/post"}],"author":[{"embeddable":true,"href":"https:\/\/hostnetart.com.br\/baixada\/wp-json\/wp\/v2\/users\/2"}],"replies":[{"embeddable":true,"href":"https:\/\/hostnetart.com.br\/baixada\/wp-json\/wp\/v2\/comments?post=2563"}],"version-history":[{"count":0,"href":"https:\/\/hostnetart.com.br\/baixada\/wp-json\/wp\/v2\/posts\/2563\/revisions"}],"wp:featuredmedia":[{"embeddable":true,"href":"https:\/\/hostnetart.com.br\/baixada\/wp-json\/wp\/v2\/media\/2562"}],"wp:attachment":[{"href":"https:\/\/hostnetart.com.br\/baixada\/wp-json\/wp\/v2\/media?parent=2563"}],"wp:term":[{"taxonomy":"category","embeddable":true,"href":"https:\/\/hostnetart.com.br\/baixada\/wp-json\/wp\/v2\/categories?post=2563"},{"taxonomy":"post_tag","embeddable":true,"href":"https:\/\/hostnetart.com.br\/baixada\/wp-json\/wp\/v2\/tags?post=2563"}],"curies":[{"name":"wp","href":"https:\/\/api.w.org\/{rel}","templated":true}]}}