{"id":2561,"date":"2017-07-03T19:44:19","date_gmt":"2017-07-03T22:44:19","guid":{"rendered":"https:\/\/hostnetart.com.br\/baixada\/sindbaixada-presente-no-28-congresso-nacional-dos-funcionarios-do-banco-do-brasil\/"},"modified":"2017-07-03T19:44:19","modified_gmt":"2017-07-03T22:44:19","slug":"sindbaixada-presente-no-28-congresso-nacional-dos-funcionarios-do-banco-do-brasil","status":"publish","type":"post","link":"https:\/\/hostnetart.com.br\/baixada\/sindbaixada-presente-no-28-congresso-nacional-dos-funcionarios-do-banco-do-brasil\/","title":{"rendered":"SindBaixada presente no 28\u00ba Congresso Nacional dos funcion\u00e1rios do Banco do Brasil"},"content":{"rendered":"<p>O Sindicato dos Banc\u00e1rios da Baixada Fluminense, na figura dos Diretores Edilson Barros e Leandro Aresta, se fez presente ao 28\u00ba Congresso Nacional dos funcion\u00e1rios do Banco do Brasil, que ocorreu nos dias 30 de junho, 1\u00ba e 2 de julho, em S\u00e3o Paulo.<\/p>\n<p>Uma das principais pautas do encontro s\u00e3o as estrat\u00e9gias para barrar o desmonte da institui\u00e7\u00e3o e a redu\u00e7\u00e3o do seu papel social como banco p\u00fablico, promovidos pelo governo Temer.<br \/>A atual dire\u00e7\u00e3o j\u00e1 eliminou 9,4 mil postos de trabalho e est\u00e1 fechando mais de 400 ag\u00eancias em todo o pa\u00eds. Al\u00e9m disso, rebaixa cargos, sem incorpora\u00e7\u00e3o de fun\u00e7\u00e3o. Esta gest\u00e3o, sob ordens de Temer, n\u00e3o prejudica somente banc\u00e1rios e clientes, mas tamb\u00e9m toda a popula\u00e7\u00e3o com a redu\u00e7\u00e3o do papel da institui\u00e7\u00e3o como banco p\u00fablico.<\/p>\n<p>Com o governo federal est\u00e1 asfixiando linhas de cr\u00e9dito mais baratas, principalmente aquelas que atendem o micro e pequeno empres\u00e1rio, como o Projer Urbano e o Capital de Giro, que tiveram recursos esgotados, impossibilitando novos contratos. O pr\u00f3prio banco enviou comunicado aos gerentes alertando-os sobre a situa\u00e7\u00e3o. Al\u00e9m disso, o BB est\u00e1 fechando ag\u00eancias PJ. Essas pol\u00edticas colaboram para a atual crise econ\u00f4mica e provocam o aumento do j\u00e1 elevado \u00edndice de desemprego no pa\u00eds. Ao contr\u00e1rio do que aconteceu na crise internacional de 2008, quando o BB teve papel fundamental com pol\u00edticas antic\u00edclicas, barateando o cr\u00e9dito. Na \u00e9poca, em que de fato exercia seu papel social, o banco possu\u00eda uma das menores taxas de inadimpl\u00eancia do mercado.<\/p>\n<p>Frente Parlamentar \u2013 Durante o 28\u00ba Congresso Nacional dos Funcion\u00e1rios do Banco do Brasil ser\u00e1 lan\u00e7ada em S\u00e3o Paulo a Frente Parlamentar em Defesa dos Bancos P\u00fablicos, que tem como objetivo desenvolver uma grande campanha em defesa de institui\u00e7\u00f5es como Banco do Brasil, Caixa, BNDES e bancos regionais, com a\u00e7\u00f5es concretas em defesa dessas empresas e do Estado brasileiro.<\/p>\n","protected":false},"excerpt":{"rendered":"<p>O Sindicato dos Banc\u00e1rios da Baixada Fluminense, na figura dos Diretores Edilson Barros e Leandro Aresta, se fez presente ao 28\u00ba Congresso Nacional dos funcion\u00e1rios do Banco do Brasil, que ocorreu nos dias 30 de junho, 1\u00ba e 2 de julho, em S\u00e3o Paulo. Uma das principais pautas do encontro s\u00e3o as estrat\u00e9gias para barrar [&hellip;]<\/p>\n","protected":false},"author":2,"featured_media":2560,"comment_status":"","ping_status":"","sticky":false,"template":"","format":"standard","meta":{"footnotes":""},"categories":[3],"tags":[],"class_list":["post-2561","post","type-post","status-publish","format-standard","has-post-thumbnail","hentry","category-noticias"],"_links":{"self":[{"href":"https:\/\/hostnetart.com.br\/baixada\/wp-json\/wp\/v2\/posts\/2561","targetHints":{"allow":["GET"]}}],"collection":[{"href":"https:\/\/hostnetart.com.br\/baixada\/wp-json\/wp\/v2\/posts"}],"about":[{"href":"https:\/\/hostnetart.com.br\/baixada\/wp-json\/wp\/v2\/types\/post"}],"author":[{"embeddable":true,"href":"https:\/\/hostnetart.com.br\/baixada\/wp-json\/wp\/v2\/users\/2"}],"replies":[{"embeddable":true,"href":"https:\/\/hostnetart.com.br\/baixada\/wp-json\/wp\/v2\/comments?post=2561"}],"version-history":[{"count":0,"href":"https:\/\/hostnetart.com.br\/baixada\/wp-json\/wp\/v2\/posts\/2561\/revisions"}],"wp:featuredmedia":[{"embeddable":true,"href":"https:\/\/hostnetart.com.br\/baixada\/wp-json\/wp\/v2\/media\/2560"}],"wp:attachment":[{"href":"https:\/\/hostnetart.com.br\/baixada\/wp-json\/wp\/v2\/media?parent=2561"}],"wp:term":[{"taxonomy":"category","embeddable":true,"href":"https:\/\/hostnetart.com.br\/baixada\/wp-json\/wp\/v2\/categories?post=2561"},{"taxonomy":"post_tag","embeddable":true,"href":"https:\/\/hostnetart.com.br\/baixada\/wp-json\/wp\/v2\/tags?post=2561"}],"curies":[{"name":"wp","href":"https:\/\/api.w.org\/{rel}","templated":true}]}}