{"id":2552,"date":"2017-06-23T00:00:00","date_gmt":"2017-06-23T03:00:00","guid":{"rendered":"https:\/\/hostnetart.com.br\/baixada\/derrota-de-temer-no-senado-aumenta-o-animo-da-tropa\/"},"modified":"2017-06-23T00:00:00","modified_gmt":"2017-06-23T03:00:00","slug":"derrota-de-temer-no-senado-aumenta-o-animo-da-tropa","status":"publish","type":"post","link":"https:\/\/hostnetart.com.br\/baixada\/derrota-de-temer-no-senado-aumenta-o-animo-da-tropa\/","title":{"rendered":"Derrota de Temer no Senado &#8216;aumenta o \u00e2nimo da tropa&#8217;"},"content":{"rendered":"<p style=\"text-align: justify;\">Analista aponta mudan\u00e7a de dois votos, antes tidos como favor\u00e1veis ao governo, no resultado que derrubou parecer defendido pelo Planalto. Um deles foi do PSDB<\/p>\n<p style=\"text-align: justify;\">A rejei\u00e7\u00e3o ao relat\u00f3rio do governista Ricardo Ferra\u00e7o (PSDB-ES) sobre o projeto de reforma trabalhista, na ter\u00e7a-feira (20), na Comiss\u00e3o de Assuntos Sociais do Senado, &#8220;aumenta muito o \u00e2nimo da tropa&#8221; oposicionista, al\u00e9m de expor senadores at\u00e9 agora favor\u00e1veis ao texto, avalia o analista Ant\u00f4nio Augusto de Queiroz, o Toninho, diretor do Departamento Intersindical de Assessoria Parlamentar (Diap).<\/p>\n<p style=\"text-align: justify;\">O placar de 10 a 9 contra o relat\u00f3rio de Ferra\u00e7o contou com dois votos at\u00e9 ent\u00e3o contados a favor do governo.<\/p>\n<p style=\"text-align: justify;\">&#8220;Foi um balde de \u00e1gua fria na base governista&#8221;, diz Toninho. Para ele, a reforma da Previd\u00eancia est\u00e1 praticamente derrotada e a trabalhista tem chance de, ao menos, sofrer um adiamento. N\u00e3o voltar\u00e1 para a C\u00e2mara, porque o voto em separado de Paulo Paim, aprovado simbolicamente na CAS nesta ter\u00e7a-feira, prop\u00f5e a rejei\u00e7\u00e3o ao projeto, sem apresentar um substitutivo. O relator na CCJ \u00e9 o pr\u00f3prio l\u00edder do governo, Romero Juc\u00e1 (PMDB-RR), que dever\u00e1 apresentar, j\u00e1 amanh\u00e3, parecer favor\u00e1vel ao texto original vindo da C\u00e2mara.<\/p>\n<p style=\"text-align: justify;\">O passo seguinte \u00e9 o plen\u00e1rio. A vota\u00e7\u00e3o decidir\u00e1 se o projeto avan\u00e7a ou vai para o arquivo, mas para o diretor do Diap o cen\u00e1rio j\u00e1 \u00e9 um pouco diferente e mostra fragilidade do governo e sua &#8220;ilegitimidade para tocar as reformas&#8221;.<\/p>\n<p style=\"text-align: justify;\">Mais informa\u00e7\u00f5es na Rede Brasil Atual.<\/p>\n","protected":false},"excerpt":{"rendered":"<p>Analista aponta mudan\u00e7a de dois votos, antes tidos como favor\u00e1veis ao governo, no resultado que derrubou parecer defendido pelo Planalto. Um deles foi do PSDB A rejei\u00e7\u00e3o ao relat\u00f3rio do governista Ricardo Ferra\u00e7o (PSDB-ES) sobre o projeto de reforma trabalhista, na ter\u00e7a-feira (20), na Comiss\u00e3o de Assuntos Sociais do Senado, &#8220;aumenta muito o \u00e2nimo da [&hellip;]<\/p>\n","protected":false},"author":1,"featured_media":2551,"comment_status":"","ping_status":"","sticky":false,"template":"","format":"standard","meta":{"footnotes":""},"categories":[3],"tags":[],"class_list":["post-2552","post","type-post","status-publish","format-standard","has-post-thumbnail","hentry","category-noticias"],"_links":{"self":[{"href":"https:\/\/hostnetart.com.br\/baixada\/wp-json\/wp\/v2\/posts\/2552","targetHints":{"allow":["GET"]}}],"collection":[{"href":"https:\/\/hostnetart.com.br\/baixada\/wp-json\/wp\/v2\/posts"}],"about":[{"href":"https:\/\/hostnetart.com.br\/baixada\/wp-json\/wp\/v2\/types\/post"}],"author":[{"embeddable":true,"href":"https:\/\/hostnetart.com.br\/baixada\/wp-json\/wp\/v2\/users\/1"}],"replies":[{"embeddable":true,"href":"https:\/\/hostnetart.com.br\/baixada\/wp-json\/wp\/v2\/comments?post=2552"}],"version-history":[{"count":0,"href":"https:\/\/hostnetart.com.br\/baixada\/wp-json\/wp\/v2\/posts\/2552\/revisions"}],"wp:featuredmedia":[{"embeddable":true,"href":"https:\/\/hostnetart.com.br\/baixada\/wp-json\/wp\/v2\/media\/2551"}],"wp:attachment":[{"href":"https:\/\/hostnetart.com.br\/baixada\/wp-json\/wp\/v2\/media?parent=2552"}],"wp:term":[{"taxonomy":"category","embeddable":true,"href":"https:\/\/hostnetart.com.br\/baixada\/wp-json\/wp\/v2\/categories?post=2552"},{"taxonomy":"post_tag","embeddable":true,"href":"https:\/\/hostnetart.com.br\/baixada\/wp-json\/wp\/v2\/tags?post=2552"}],"curies":[{"name":"wp","href":"https:\/\/api.w.org\/{rel}","templated":true}]}}