{"id":2548,"date":"2017-06-16T15:49:37","date_gmt":"2017-06-16T18:49:37","guid":{"rendered":"https:\/\/hostnetart.com.br\/baixada\/encontros-estaduais-de-bancos-publicos-rj\/"},"modified":"2017-06-16T15:49:37","modified_gmt":"2017-06-16T18:49:37","slug":"encontros-estaduais-de-bancos-publicos-rj","status":"publish","type":"post","link":"https:\/\/hostnetart.com.br\/baixada\/encontros-estaduais-de-bancos-publicos-rj\/","title":{"rendered":"Encontros Estaduais de Bancos p\u00fablicos &#8211; RJ"},"content":{"rendered":"<p>No \u00faltimo dia 10 de junho aconteceu o evento: Encontros Estaduais de Bancos P\u00fablicos do Estado do Rio de Janeiro.<br \/>Representantes dos bancos p\u00fablicos estiveram reunidos em dois locais distintos: banc\u00e1rios da Caixa se reuniram na sede da APECEF-RJ (Associa\u00e7\u00e3o do Pessoal da Caixa Econ\u00f4mica Federal), no Rio de Janeiro; enquanto os banc\u00e1rios do Banco do Brasil se reuniram na sede do Sindicato dos Banc\u00e1rios do Rio de Janeiro.<\/p>\n<p>Na campanha nacional de 2016 os banc\u00e1rios celebraram um hist\u00f3rico acordo de dois anos com a garantia de aumento real de sal\u00e1rio. Desse modo a campanha do ano de 2017 ser\u00e1 voltada para a manuten\u00e7\u00e3o do emprego, com foco na luta contra a precariza\u00e7\u00e3o nas rela\u00e7\u00f5es de trabalho, e na defesa dos bancos p\u00fablicos.<\/p>\n<p>O Sindicato dos Banc\u00e1rios da Baixada Fluminense foi representado no encontro da Caixa pelos diretores do Sindicato: Jos\u00e9 Guilherme e M\u00e1rcio Wanderlei. J\u00e1 no encontro do Banco do Brasil representaram o Sindicato os diretores Edilson Barros e Leandro Aresta.<\/p>\n<p>Edilson Barros, funcion\u00e1rio do BB, destacou a import\u00e2ncia do evento:<br \/>&#8211; &#8220;Este encontro \u00e9 muito importante, pois conta com a participa\u00e7\u00e3o de representantes da PREVI, CASSI e CEE, al\u00e9m do Diretor da Contraf\/CUT e por discutirem a situa\u00e7\u00e3o do funcionalismo al\u00e9m da conjuntura das reformas da previd\u00eancia e trabalhista. Tamb\u00e9m ser\u00e3o encaminhadas propostas para o 28\u00ba Congresso Nacional que acontecer\u00e1 nos dias 30\/06 \u00e0 02\/07, em S\u00e3o Paulo. O SindBaixada est\u00e1 diretamente envolvido nos objetivos do movimento nacional dos banc\u00e1rios&#8221;, declarou.<\/p>\n<p>J\u00e1 M\u00e1rcio Wanderley, funcion\u00e1rio da CEF, alertou sobre os riscos de acabar o com o lado social do Banco, e a import\u00e2ncia do di\u00e1logo com a popula\u00e7\u00e3o:<\/p>\n<p>&#8220;A Caixa Econ\u00f4mica Federal quer deixar de atuar como banco social, a partir do momento que perca para os bancos privados a receita do FGTS que hoje est\u00e1 no valor de R$ 500 bilh\u00f5es. Temos que permanecer na luta e com isso contamos com o entendimento da popula\u00e7\u00e3o que ser\u00e1 a principal prejudicada com o fim do lado social do banco&#8221;, frisou M\u00e1rcio.<\/p>\n","protected":false},"excerpt":{"rendered":"<p>No \u00faltimo dia 10 de junho aconteceu o evento: Encontros Estaduais de Bancos P\u00fablicos do Estado do Rio de Janeiro.Representantes dos bancos p\u00fablicos estiveram reunidos em dois locais distintos: banc\u00e1rios da Caixa se reuniram na sede da APECEF-RJ (Associa\u00e7\u00e3o do Pessoal da Caixa Econ\u00f4mica Federal), no Rio de Janeiro; enquanto os banc\u00e1rios do Banco do [&hellip;]<\/p>\n","protected":false},"author":1,"featured_media":2547,"comment_status":"","ping_status":"","sticky":false,"template":"","format":"standard","meta":{"footnotes":""},"categories":[3],"tags":[],"class_list":["post-2548","post","type-post","status-publish","format-standard","has-post-thumbnail","hentry","category-noticias"],"_links":{"self":[{"href":"https:\/\/hostnetart.com.br\/baixada\/wp-json\/wp\/v2\/posts\/2548","targetHints":{"allow":["GET"]}}],"collection":[{"href":"https:\/\/hostnetart.com.br\/baixada\/wp-json\/wp\/v2\/posts"}],"about":[{"href":"https:\/\/hostnetart.com.br\/baixada\/wp-json\/wp\/v2\/types\/post"}],"author":[{"embeddable":true,"href":"https:\/\/hostnetart.com.br\/baixada\/wp-json\/wp\/v2\/users\/1"}],"replies":[{"embeddable":true,"href":"https:\/\/hostnetart.com.br\/baixada\/wp-json\/wp\/v2\/comments?post=2548"}],"version-history":[{"count":0,"href":"https:\/\/hostnetart.com.br\/baixada\/wp-json\/wp\/v2\/posts\/2548\/revisions"}],"wp:featuredmedia":[{"embeddable":true,"href":"https:\/\/hostnetart.com.br\/baixada\/wp-json\/wp\/v2\/media\/2547"}],"wp:attachment":[{"href":"https:\/\/hostnetart.com.br\/baixada\/wp-json\/wp\/v2\/media?parent=2548"}],"wp:term":[{"taxonomy":"category","embeddable":true,"href":"https:\/\/hostnetart.com.br\/baixada\/wp-json\/wp\/v2\/categories?post=2548"},{"taxonomy":"post_tag","embeddable":true,"href":"https:\/\/hostnetart.com.br\/baixada\/wp-json\/wp\/v2\/tags?post=2548"}],"curies":[{"name":"wp","href":"https:\/\/api.w.org\/{rel}","templated":true}]}}