{"id":2543,"date":"2017-06-08T00:00:00","date_gmt":"2017-06-08T03:00:00","guid":{"rendered":"https:\/\/hostnetart.com.br\/baixada\/encontros-nacionais-dos-bancarios-dos-bancos-privados\/"},"modified":"2017-06-08T00:00:00","modified_gmt":"2017-06-08T03:00:00","slug":"encontros-nacionais-dos-bancarios-dos-bancos-privados","status":"publish","type":"post","link":"https:\/\/hostnetart.com.br\/baixada\/encontros-nacionais-dos-bancarios-dos-bancos-privados\/","title":{"rendered":"Encontros nacionais dos banc\u00e1rios dos bancos privados"},"content":{"rendered":"<p><img decoding=\"async\" class=\" alignleft size-full wp-image-2540\" style=\"float: left; margin-right: 10px; margin-left: 10px;\" src=\"https:\/\/hostnetart.com.br\/baixada\/wp-content\/uploads\/2017\/06\/image2.JPG\" width=\"300\" srcset=\"https:\/\/hostnetart.com.br\/baixada\/wp-content\/uploads\/2017\/06\/image2.JPG 785w, https:\/\/hostnetart.com.br\/baixada\/wp-content\/uploads\/2017\/06\/image2-368x600.jpg 368w, https:\/\/hostnetart.com.br\/baixada\/wp-content\/uploads\/2017\/06\/image2-628x1024.jpg 628w, https:\/\/hostnetart.com.br\/baixada\/wp-content\/uploads\/2017\/06\/image2-768x1252.jpg 768w\" sizes=\"(max-width: 785px) 100vw, 785px\" \/>Do dia 6 de junho at\u00e9 hoje (8 de junho), banc\u00e1rios de bancos privados de todo o pa\u00eds se reuniram em S\u00e3o Paulo e discutiram estrat\u00e9gias de mobiliza\u00e7\u00e3o e lutas para enfrentar quest\u00f5es relacionadas \u00e0 manuten\u00e7\u00e3o do emprego, sa\u00fade e condi\u00e7\u00f5es de trabalho nos bancos, al\u00e9m de temas que envolvem toda a classe trabalhadora, como as propostas de Reforma da Previd\u00eancia, de Reforma Trabalhista e a Lei da Terceiriza\u00e7\u00e3o.<\/p>\n<p><img decoding=\"async\" class=\" size-full wp-image-2541\" src=\"https:\/\/hostnetart.com.br\/baixada\/wp-content\/uploads\/2017\/06\/image4.JPG\" width=\"300\" srcset=\"https:\/\/hostnetart.com.br\/baixada\/wp-content\/uploads\/2017\/06\/image4.JPG 1280w, https:\/\/hostnetart.com.br\/baixada\/wp-content\/uploads\/2017\/06\/image4-600x459.jpg 600w, https:\/\/hostnetart.com.br\/baixada\/wp-content\/uploads\/2017\/06\/image4-1024x784.jpg 1024w, https:\/\/hostnetart.com.br\/baixada\/wp-content\/uploads\/2017\/06\/image4-768x588.jpg 768w\" sizes=\"(max-width: 1280px) 100vw, 1280px\" \/><\/p>\n<p>Nesse cen\u00e1rio a revolu\u00e7\u00e3o tecnol\u00f3gica est\u00e1 influenciando em muito a condi\u00e7\u00e3o de vida do trabalhador banc\u00e1rio, aumentando os casos de doen\u00e7as ocupacionais de cunho psicol\u00f3gico a partir da sistematiza\u00e7\u00e3o dos servi\u00e7os, sem levar em considera\u00e7\u00e3o os recursos humanos das institui\u00e7\u00f5es financeiras, com a implanta\u00e7\u00e3o de novas tecnologias.<\/p>\n<p>&#8220;N\u00e3o podemos desprezar os avan\u00e7os tecnol\u00f3gicos, mas essa evolu\u00e7\u00e3o n\u00e3o pode deixar de lado os trabalhadores no que diz respeito \u00e0 satisfa\u00e7\u00e3o profissional. Esse desenvolvimento tecnol\u00f3gico n\u00e3o pode deixar de incluir o trabalhador nesse processo&#8221;, enfatizou R\u00fabio Barros, diretor do Sindicato e funcion\u00e1rio do Banco Ita\u00fa.<br \/>O Sindicato dos Banc\u00e1rios da Baixada Fluminense foi representado nesse encontro pelos diretores: R\u00fabio Barros e Silvio Brand\u00e3o (Ita\u00fa), Pedro Batista e Roberto Domingos (Bradesco) e Solange Camilo (Santander).<\/p>\n<p>Para Solange Camilo, do Banco Santander e tamb\u00e9m diretora do Sindicato, o encontro est\u00e1 sendo de grande valia: \u201cAs apresenta\u00e7\u00f5es est\u00e3o sendo de suma import\u00e2ncia. O balan\u00e7o do Santander apresentado pelo Dieese foi bastante esclarecedor, onde se destaca o aumento do lucro do banco e, em contrapartida, a diminui\u00e7\u00e3o do quadro funcional e aumento do autoatendimento nos canais de Mobile Bank e Internet Bank, contribuindo para a redu\u00e7\u00e3o dos funcion\u00e1rios\u201d. \u2013 declarou.<\/p>\n<p>O encontro realizou tr\u00eas grupos de debates, que discutiram sobre: sa\u00fade e seguran\u00e7a no trabalho, empregabilidade e novas tecnologias.<\/p>\n<p>Funcion\u00e1rio do Banco Bradesco e diretor do SindBaixada, Pedro Batista citou o clima inst\u00e1vel no funcionalismo devido \u00e0 compra do HSBC pelo banco o qual faz parte do quadro funcional: &#8220;Esse encontro nacional dos bancos privados foi uma grande oportunidade de colocarmos na mesa a defesa do emprego no Bradesco. A compra do HSBC est\u00e1 provocando uma instabilidade muito grande dentro do funcionalismo.<br \/>\u00c9 inadmiss\u00edvel que as estrat\u00e9gias do banco n\u00e3o levem em considera\u00e7\u00e3o os milhares de funcion\u00e1rios que dedicaram suas vidas na constru\u00e7\u00e3o da Institui\u00e7\u00e3o&#8221;.<\/p>\n<p><img decoding=\"async\" class=\" size-full wp-image-2542\" src=\"https:\/\/hostnetart.com.br\/baixada\/wp-content\/uploads\/2017\/06\/image3.JPG\" width=\"300\" srcset=\"https:\/\/hostnetart.com.br\/baixada\/wp-content\/uploads\/2017\/06\/image3.JPG 915w, https:\/\/hostnetart.com.br\/baixada\/wp-content\/uploads\/2017\/06\/image3-477x600.jpg 477w, https:\/\/hostnetart.com.br\/baixada\/wp-content\/uploads\/2017\/06\/image3-815x1024.jpg 815w, https:\/\/hostnetart.com.br\/baixada\/wp-content\/uploads\/2017\/06\/image3-768x965.jpg 768w\" sizes=\"(max-width: 915px) 100vw, 915px\" \/>\u00a0 \u00a0 \u00a0 \u00a0 \u00a0 \u00a0 \u00a0\u00a0<\/p>\n","protected":false},"excerpt":{"rendered":"<p>Do dia 6 de junho at\u00e9 hoje (8 de junho), banc\u00e1rios de bancos privados de todo o pa\u00eds se reuniram em S\u00e3o Paulo e discutiram estrat\u00e9gias de mobiliza\u00e7\u00e3o e lutas para enfrentar quest\u00f5es relacionadas \u00e0 manuten\u00e7\u00e3o do emprego, sa\u00fade e condi\u00e7\u00f5es de trabalho nos bancos, al\u00e9m de temas que envolvem toda a classe trabalhadora, como [&hellip;]<\/p>\n","protected":false},"author":1,"featured_media":2539,"comment_status":"","ping_status":"","sticky":false,"template":"","format":"standard","meta":{"footnotes":""},"categories":[8],"tags":[],"class_list":["post-2543","post","type-post","status-publish","format-standard","has-post-thumbnail","hentry","category-bancarios"],"_links":{"self":[{"href":"https:\/\/hostnetart.com.br\/baixada\/wp-json\/wp\/v2\/posts\/2543","targetHints":{"allow":["GET"]}}],"collection":[{"href":"https:\/\/hostnetart.com.br\/baixada\/wp-json\/wp\/v2\/posts"}],"about":[{"href":"https:\/\/hostnetart.com.br\/baixada\/wp-json\/wp\/v2\/types\/post"}],"author":[{"embeddable":true,"href":"https:\/\/hostnetart.com.br\/baixada\/wp-json\/wp\/v2\/users\/1"}],"replies":[{"embeddable":true,"href":"https:\/\/hostnetart.com.br\/baixada\/wp-json\/wp\/v2\/comments?post=2543"}],"version-history":[{"count":0,"href":"https:\/\/hostnetart.com.br\/baixada\/wp-json\/wp\/v2\/posts\/2543\/revisions"}],"wp:featuredmedia":[{"embeddable":true,"href":"https:\/\/hostnetart.com.br\/baixada\/wp-json\/wp\/v2\/media\/2539"}],"wp:attachment":[{"href":"https:\/\/hostnetart.com.br\/baixada\/wp-json\/wp\/v2\/media?parent=2543"}],"wp:term":[{"taxonomy":"category","embeddable":true,"href":"https:\/\/hostnetart.com.br\/baixada\/wp-json\/wp\/v2\/categories?post=2543"},{"taxonomy":"post_tag","embeddable":true,"href":"https:\/\/hostnetart.com.br\/baixada\/wp-json\/wp\/v2\/tags?post=2543"}],"curies":[{"name":"wp","href":"https:\/\/api.w.org\/{rel}","templated":true}]}}