{"id":2538,"date":"2017-06-07T00:00:00","date_gmt":"2017-06-07T03:00:00","guid":{"rendered":"https:\/\/hostnetart.com.br\/baixada\/ccj-do-senado-aprova-pec-das-diretas\/"},"modified":"2017-06-07T00:00:00","modified_gmt":"2017-06-07T03:00:00","slug":"ccj-do-senado-aprova-pec-das-diretas","status":"publish","type":"post","link":"https:\/\/hostnetart.com.br\/baixada\/ccj-do-senado-aprova-pec-das-diretas\/","title":{"rendered":"CCJ do Senado aprova \u201cPEC das Diretas\u201d"},"content":{"rendered":"<p>\u00a0<\/p>\n<div dir=\"ltr\">\n<div class=\"gmail_quote\">\n<div dir=\"ltr\">\n<div>\n<div class=\"gmail_quote\">\n<div dir=\"ltr\">\n<div class=\"m_-7159945868155436465m_1711372699653032058gmail-itemFullText\">\n<p style=\"text-align: justify;\">Base governista impede tramita\u00e7\u00e3o de mat\u00e9ria semelhante na CCJ da C\u00e2mara<\/p>\n<p style=\"text-align: justify;\">A Comiss\u00e3o de Constitui\u00e7\u00e3o, Justi\u00e7a e Cidadania (CCJ) do Senado aprovou por unanimidade na manh\u00e3 desta quarta-feira (31) o parecer favor\u00e1vel do senador Lindbergh Farias (PT\/RJ) \u00e0 proposta de Emenda \u00e0 Constitui\u00e7\u00e3o (PEC) 67\/2016, de autoria do senador Reguffe (sem partido\/DF), que prev\u00ea a realiza\u00e7\u00e3o de elei\u00e7\u00f5es diretas para presidente da Rep\u00fablica no caso de vac\u00e2ncia dos cargos de presidente e vice ap\u00f3s at\u00e9 tr\u00eas anos de mandato.<\/p>\n<p style=\"text-align: justify;\">Senadores da base governista que fazem parte da CCJ, como Ana Am\u00e9lia Lemos (PP-RS), Marta Suplicy (PMDB-SP), Ricardo Ferra\u00e7o (PSDB-ES), Simone Tebet (PMDB-MS), votaram a favor da PEC.<\/p>\n<p style=\"text-align: justify;\">Cinco dias ap\u00f3s a publica\u00e7\u00e3o do parecer da CCJ, a PEC pode ser inclu\u00edda na ordem do dia para vota\u00e7\u00e3o em dois turnos no Senado.<\/p>\n<p style=\"text-align: justify;\"><b>Na C\u00e2mara<\/b><br \/>Uma mat\u00e9ria com conte\u00fado semelhante \u00e0 aprovada pela CCJ do Senado tramita na CCJ da C\u00e2mara dos Deputados, onde a oposi\u00e7\u00e3o tem obstru\u00eddo a pauta desde o dia 24\/05, quando a PEC 227\/16 foi retirada da pauta de vota\u00e7\u00f5es.<\/p>\n<p style=\"text-align: justify;\">Os deputados favor\u00e1veis \u00e0s diretas afirmam que s\u00f3 encerrar\u00e3o a obstru\u00e7\u00e3o se a PEC das Elei\u00e7\u00f5es Diretas, de autoria do deputado Miro Teixeira (Rede-RJ), voltar para a pauta.<\/p>\n<p id=\"m_-7159945868155436465m_1711372699653032058gmail-page-author\" style=\"text-align: justify;\">Mais informa\u00e7\u00f5es nos sites da Rede Brasil Atual, da C\u00e2mara dos Deputados e do Senado.<\/p>\n<p style=\"text-align: justify;\">Fonte: Contraf-CUT<\/p>\n<\/div>\n<\/div>\n<\/div>\n<\/div>\n<\/div>\n<\/div>\n<\/div>\n<p>\u00a0<\/p>\n","protected":false},"excerpt":{"rendered":"<p>\u00a0 Base governista impede tramita\u00e7\u00e3o de mat\u00e9ria semelhante na CCJ da C\u00e2mara A Comiss\u00e3o de Constitui\u00e7\u00e3o, Justi\u00e7a e Cidadania (CCJ) do Senado aprovou por unanimidade na manh\u00e3 desta quarta-feira (31) o parecer favor\u00e1vel do senador Lindbergh Farias (PT\/RJ) \u00e0 proposta de Emenda \u00e0 Constitui\u00e7\u00e3o (PEC) 67\/2016, de autoria do senador Reguffe (sem partido\/DF), que prev\u00ea [&hellip;]<\/p>\n","protected":false},"author":1,"featured_media":2537,"comment_status":"","ping_status":"","sticky":false,"template":"","format":"standard","meta":{"footnotes":""},"categories":[3],"tags":[],"class_list":["post-2538","post","type-post","status-publish","format-standard","has-post-thumbnail","hentry","category-noticias"],"_links":{"self":[{"href":"https:\/\/hostnetart.com.br\/baixada\/wp-json\/wp\/v2\/posts\/2538","targetHints":{"allow":["GET"]}}],"collection":[{"href":"https:\/\/hostnetart.com.br\/baixada\/wp-json\/wp\/v2\/posts"}],"about":[{"href":"https:\/\/hostnetart.com.br\/baixada\/wp-json\/wp\/v2\/types\/post"}],"author":[{"embeddable":true,"href":"https:\/\/hostnetart.com.br\/baixada\/wp-json\/wp\/v2\/users\/1"}],"replies":[{"embeddable":true,"href":"https:\/\/hostnetart.com.br\/baixada\/wp-json\/wp\/v2\/comments?post=2538"}],"version-history":[{"count":0,"href":"https:\/\/hostnetart.com.br\/baixada\/wp-json\/wp\/v2\/posts\/2538\/revisions"}],"wp:featuredmedia":[{"embeddable":true,"href":"https:\/\/hostnetart.com.br\/baixada\/wp-json\/wp\/v2\/media\/2537"}],"wp:attachment":[{"href":"https:\/\/hostnetart.com.br\/baixada\/wp-json\/wp\/v2\/media?parent=2538"}],"wp:term":[{"taxonomy":"category","embeddable":true,"href":"https:\/\/hostnetart.com.br\/baixada\/wp-json\/wp\/v2\/categories?post=2538"},{"taxonomy":"post_tag","embeddable":true,"href":"https:\/\/hostnetart.com.br\/baixada\/wp-json\/wp\/v2\/tags?post=2538"}],"curies":[{"name":"wp","href":"https:\/\/api.w.org\/{rel}","templated":true}]}}