{"id":2536,"date":"2017-06-07T00:00:00","date_gmt":"2017-06-07T03:00:00","guid":{"rendered":"https:\/\/hostnetart.com.br\/baixada\/reforma-trabalhista-tera-de-passar-por-mais-duas-comissoes\/"},"modified":"2017-06-07T00:00:00","modified_gmt":"2017-06-07T03:00:00","slug":"reforma-trabalhista-tera-de-passar-por-mais-duas-comissoes","status":"publish","type":"post","link":"https:\/\/hostnetart.com.br\/baixada\/reforma-trabalhista-tera-de-passar-por-mais-duas-comissoes\/","title":{"rendered":"Reforma trabalhista ter\u00e1 de passar por mais duas comiss\u00f5es"},"content":{"rendered":"<p>\u00a0<\/p>\n<div dir=\"ltr\">\n<div class=\"gmail_quote\">\n<div dir=\"ltr\">\n<div>\n<div class=\"gmail_quote\">\n<div dir=\"ltr\">\n<div class=\"m_-7159945868155436465m_1711372699653032058gmail-itemFullText\">\n<p style=\"text-align: justify;\"><i>Texto, atualmente na Comiss\u00e3o de Assuntos Econ\u00f4micos, ser\u00e1 apreciado ainda pela Comiss\u00e3o de Assuntos Sociais e a Comiss\u00e3o de Constitui\u00e7\u00e3o, Justi\u00e7a e Cidadania antes de ir ao plen\u00e1rio do Senado; trabalhadores devem pressionar pela n\u00e3o aprova\u00e7\u00e3o<\/i><\/p>\n<p style=\"text-align: justify;\">O projeto da reforma trabalhista, que na pr\u00e1tica enterra a CLT (Consolida\u00e7\u00e3o das Leis do Trabalho), ter\u00e1 que passar por mais duas comiss\u00f5es antes de ser enviado para vota\u00e7\u00e3o no plen\u00e1rio do Senado. Atualmente na Comiss\u00e3o de Assuntos Econ\u00f4micos, o texto ter\u00e1 de ser apreciado ainda na Comiss\u00e3o de Assuntos Sociais e na Comiss\u00e3o de Constitui\u00e7\u00e3o, Justi\u00e7a e Cidadania. A mudan\u00e7a na tramita\u00e7\u00e3o foi formalizada em requerimento assinado pelos senadores Romero Juc\u00e1 (PMDB-RR) e Marta Suplicy (PMDB-SP).<\/p>\n<p style=\"text-align: justify;\">Ap\u00f3s negocia\u00e7\u00e3o entre a base do governo Temer no Senado e a oposi\u00e7\u00e3o, ficou acordado que a proposta ser\u00e1 votada na Comiss\u00e3o de Assuntos Econ\u00f4micos na ter\u00e7a-feira 6. O Departamento Intersindical de Assessoria Parlamentar (Diap) fez as contas e cr\u00ea que com a mudan\u00e7a de tr\u00eas votos, os trabalhadores conseguir\u00e3o enterrar o desmonte de Temer. Outro term\u00f4metro que demonstra a tend\u00eancia de altera\u00e7\u00e3o do projeto \u00e9 o n\u00famero de emendas: atualmente 242.<\/p>\n<p style=\"text-align: justify;\">Apesar de ainda ter que ser aprovada nas comiss\u00f5es, os trabalhadores devem ficar atentos. Se algum senador apresentar requerimento solicitando urg\u00eancia para o projeto, e o mesmo for aprovado, o texto vai direto para vota\u00e7\u00e3o no plen\u00e1rio do Senado.<\/p>\n<p style=\"text-align: justify;\">Fonte: SEEB\/SP<\/p>\n<\/div>\n<\/div>\n<\/div>\n<\/div>\n<\/div>\n<\/div>\n<\/div>\n<p>\u00a0<\/p>\n","protected":false},"excerpt":{"rendered":"<p>\u00a0 Texto, atualmente na Comiss\u00e3o de Assuntos Econ\u00f4micos, ser\u00e1 apreciado ainda pela Comiss\u00e3o de Assuntos Sociais e a Comiss\u00e3o de Constitui\u00e7\u00e3o, Justi\u00e7a e Cidadania antes de ir ao plen\u00e1rio do Senado; trabalhadores devem pressionar pela n\u00e3o aprova\u00e7\u00e3o O projeto da reforma trabalhista, que na pr\u00e1tica enterra a CLT (Consolida\u00e7\u00e3o das Leis do Trabalho), ter\u00e1 que [&hellip;]<\/p>\n","protected":false},"author":1,"featured_media":2535,"comment_status":"","ping_status":"","sticky":false,"template":"","format":"standard","meta":{"footnotes":""},"categories":[3],"tags":[],"class_list":["post-2536","post","type-post","status-publish","format-standard","has-post-thumbnail","hentry","category-noticias"],"_links":{"self":[{"href":"https:\/\/hostnetart.com.br\/baixada\/wp-json\/wp\/v2\/posts\/2536","targetHints":{"allow":["GET"]}}],"collection":[{"href":"https:\/\/hostnetart.com.br\/baixada\/wp-json\/wp\/v2\/posts"}],"about":[{"href":"https:\/\/hostnetart.com.br\/baixada\/wp-json\/wp\/v2\/types\/post"}],"author":[{"embeddable":true,"href":"https:\/\/hostnetart.com.br\/baixada\/wp-json\/wp\/v2\/users\/1"}],"replies":[{"embeddable":true,"href":"https:\/\/hostnetart.com.br\/baixada\/wp-json\/wp\/v2\/comments?post=2536"}],"version-history":[{"count":0,"href":"https:\/\/hostnetart.com.br\/baixada\/wp-json\/wp\/v2\/posts\/2536\/revisions"}],"wp:featuredmedia":[{"embeddable":true,"href":"https:\/\/hostnetart.com.br\/baixada\/wp-json\/wp\/v2\/media\/2535"}],"wp:attachment":[{"href":"https:\/\/hostnetart.com.br\/baixada\/wp-json\/wp\/v2\/media?parent=2536"}],"wp:term":[{"taxonomy":"category","embeddable":true,"href":"https:\/\/hostnetart.com.br\/baixada\/wp-json\/wp\/v2\/categories?post=2536"},{"taxonomy":"post_tag","embeddable":true,"href":"https:\/\/hostnetart.com.br\/baixada\/wp-json\/wp\/v2\/tags?post=2536"}],"curies":[{"name":"wp","href":"https:\/\/api.w.org\/{rel}","templated":true}]}}