{"id":2534,"date":"2017-06-07T00:00:00","date_gmt":"2017-06-07T03:00:00","guid":{"rendered":"https:\/\/hostnetart.com.br\/baixada\/boletim-da-cassi-destaca-importancia-da-atencao-primaria-a-saude\/"},"modified":"2017-06-07T00:00:00","modified_gmt":"2017-06-07T03:00:00","slug":"boletim-da-cassi-destaca-importancia-da-atencao-primaria-a-saude","status":"publish","type":"post","link":"https:\/\/hostnetart.com.br\/baixada\/boletim-da-cassi-destaca-importancia-da-atencao-primaria-a-saude\/","title":{"rendered":"Boletim da Cassi destaca import\u00e2ncia da aten\u00e7\u00e3o prim\u00e1ria \u00e0 sa\u00fade"},"content":{"rendered":"<p>\u00a0<\/p>\n<div dir=\"ltr\">\n<div class=\"gmail_quote\">\n<div dir=\"ltr\">\n<div>\n<div class=\"gmail_quote\">\n<div dir=\"ltr\">\n<p style=\"text-align: justify;\">Edi\u00e7\u00e3o mostra que estrat\u00e9gia contribui com a melhoria do acompanhamento aos usu\u00e1rios, com melhora da sa\u00fade dos benefici\u00e1rios e com os custos do sistema<\/p>\n<p style=\"text-align: justify;\">O 34\u00ba Boletim Informativo da Cassi \u201cPrestando Contas\u201d est\u00e1 dispon\u00edvel na p\u00e1gina de publica\u00e7\u00f5es do site da Confedera\u00e7\u00e3o Nacional dos Trabalhadores do Ramo Financeiro (Contraf-CUT).<\/p>\n<p style=\"text-align: justify;\">A edi\u00e7\u00e3o deste m\u00eas mostra que\u00a0sistemas que se organizam a partir da Aten\u00e7\u00e3o Prim\u00e1ria \u00e0 Sa\u00fade (APS) conseguem melhorar o acompanhamento aos usu\u00e1rios e melhoram a\u00a0sa\u00fade dos benefici\u00e1rios, o que permite, ainda,\u00a0minorar\u00a0os custos e garantir sua sustentabilidade.<\/p>\n<p style=\"text-align: justify;\">O boletim explica, ainda, que uma das estrat\u00e9gias de aten\u00e7\u00e3o prim\u00e1rias s\u00e3o os programas de sa\u00fade da fam\u00edlia.<\/p>\n<p style=\"text-align: justify;\">O boletim est\u00e1 dispon\u00edvel para leitura e divulga\u00e7\u00e3o nas vers\u00f5es online e para impress\u00e3o em gr\u00e1fica.<\/p>\n<p id=\"m_-7159945868155436465m_1711372699653032058gmail-page-author\" style=\"text-align: justify;\">Fonte: Contraf-CUT<\/p>\n<\/div>\n<\/div>\n<\/div>\n<\/div>\n<\/div>\n<\/div>\n<p>\u00a0<\/p>\n","protected":false},"excerpt":{"rendered":"<p>\u00a0 Edi\u00e7\u00e3o mostra que estrat\u00e9gia contribui com a melhoria do acompanhamento aos usu\u00e1rios, com melhora da sa\u00fade dos benefici\u00e1rios e com os custos do sistema O 34\u00ba Boletim Informativo da Cassi \u201cPrestando Contas\u201d est\u00e1 dispon\u00edvel na p\u00e1gina de publica\u00e7\u00f5es do site da Confedera\u00e7\u00e3o Nacional dos Trabalhadores do Ramo Financeiro (Contraf-CUT). A edi\u00e7\u00e3o deste m\u00eas mostra [&hellip;]<\/p>\n","protected":false},"author":1,"featured_media":2533,"comment_status":"","ping_status":"","sticky":false,"template":"","format":"standard","meta":{"footnotes":""},"categories":[3],"tags":[],"class_list":["post-2534","post","type-post","status-publish","format-standard","has-post-thumbnail","hentry","category-noticias"],"_links":{"self":[{"href":"https:\/\/hostnetart.com.br\/baixada\/wp-json\/wp\/v2\/posts\/2534","targetHints":{"allow":["GET"]}}],"collection":[{"href":"https:\/\/hostnetart.com.br\/baixada\/wp-json\/wp\/v2\/posts"}],"about":[{"href":"https:\/\/hostnetart.com.br\/baixada\/wp-json\/wp\/v2\/types\/post"}],"author":[{"embeddable":true,"href":"https:\/\/hostnetart.com.br\/baixada\/wp-json\/wp\/v2\/users\/1"}],"replies":[{"embeddable":true,"href":"https:\/\/hostnetart.com.br\/baixada\/wp-json\/wp\/v2\/comments?post=2534"}],"version-history":[{"count":0,"href":"https:\/\/hostnetart.com.br\/baixada\/wp-json\/wp\/v2\/posts\/2534\/revisions"}],"wp:featuredmedia":[{"embeddable":true,"href":"https:\/\/hostnetart.com.br\/baixada\/wp-json\/wp\/v2\/media\/2533"}],"wp:attachment":[{"href":"https:\/\/hostnetart.com.br\/baixada\/wp-json\/wp\/v2\/media?parent=2534"}],"wp:term":[{"taxonomy":"category","embeddable":true,"href":"https:\/\/hostnetart.com.br\/baixada\/wp-json\/wp\/v2\/categories?post=2534"},{"taxonomy":"post_tag","embeddable":true,"href":"https:\/\/hostnetart.com.br\/baixada\/wp-json\/wp\/v2\/tags?post=2534"}],"curies":[{"name":"wp","href":"https:\/\/api.w.org\/{rel}","templated":true}]}}