{"id":2530,"date":"2017-06-07T00:00:00","date_gmt":"2017-06-07T03:00:00","guid":{"rendered":"https:\/\/hostnetart.com.br\/baixada\/contraf-cut-disponibiliza-caderno-de-subsidios-encontros-estaduais\/"},"modified":"2017-06-07T00:00:00","modified_gmt":"2017-06-07T03:00:00","slug":"contraf-cut-disponibiliza-caderno-de-subsidios-encontros-estaduais","status":"publish","type":"post","link":"https:\/\/hostnetart.com.br\/baixada\/contraf-cut-disponibiliza-caderno-de-subsidios-encontros-estaduais\/","title":{"rendered":"Contraf-CUT disponibiliza caderno de subs\u00eddios encontros estaduais"},"content":{"rendered":"<p>\u00a0<\/p>\n<div dir=\"ltr\">\n<div class=\"gmail_quote\">\n<div dir=\"ltr\">\n<div>\n<div class=\"gmail_quote\">\n<div dir=\"ltr\"><strong>O arquivo pode ser baixado na se\u00e7\u00e3o publica\u00e7\u00f5es<\/strong><\/p>\n<p>A Contraf-CUT disponibiliza em seu site um caderno de subs\u00eddios para os debates dos encontros estaduais que as federa\u00e7\u00f5es ir\u00e3o promover como prepara\u00e7\u00e3o par a Confer\u00eancia Nacional dos Banc\u00e1rios, que ser\u00e1 realizado em S\u00e3o Paulo, nos dias 28, 29 e 30 de julho.<\/p>\n<p>A publica\u00e7\u00e3o, feita em conjunta com o Dieese, aborda a conjuntura pol\u00edtica nacional, as reformas da previd\u00eancia e trabalhista, terceiriza\u00e7\u00e3o e emprego. O arquivo pode ser baixado na se\u00e7\u00e3o publica\u00e7\u00f5es.\u00a0<\/p>\n<p>Fonte: Contraf-CUT<\/p>\n<\/div>\n<\/div>\n<\/div>\n<\/div>\n<\/div>\n<\/div>\n<p>\u00a0<\/p>\n","protected":false},"excerpt":{"rendered":"<p>\u00a0 O arquivo pode ser baixado na se\u00e7\u00e3o publica\u00e7\u00f5es A Contraf-CUT disponibiliza em seu site um caderno de subs\u00eddios para os debates dos encontros estaduais que as federa\u00e7\u00f5es ir\u00e3o promover como prepara\u00e7\u00e3o par a Confer\u00eancia Nacional dos Banc\u00e1rios, que ser\u00e1 realizado em S\u00e3o Paulo, nos dias 28, 29 e 30 de julho. A publica\u00e7\u00e3o, feita [&hellip;]<\/p>\n","protected":false},"author":1,"featured_media":2529,"comment_status":"","ping_status":"","sticky":false,"template":"","format":"standard","meta":{"footnotes":""},"categories":[3],"tags":[],"class_list":["post-2530","post","type-post","status-publish","format-standard","has-post-thumbnail","hentry","category-noticias"],"_links":{"self":[{"href":"https:\/\/hostnetart.com.br\/baixada\/wp-json\/wp\/v2\/posts\/2530","targetHints":{"allow":["GET"]}}],"collection":[{"href":"https:\/\/hostnetart.com.br\/baixada\/wp-json\/wp\/v2\/posts"}],"about":[{"href":"https:\/\/hostnetart.com.br\/baixada\/wp-json\/wp\/v2\/types\/post"}],"author":[{"embeddable":true,"href":"https:\/\/hostnetart.com.br\/baixada\/wp-json\/wp\/v2\/users\/1"}],"replies":[{"embeddable":true,"href":"https:\/\/hostnetart.com.br\/baixada\/wp-json\/wp\/v2\/comments?post=2530"}],"version-history":[{"count":0,"href":"https:\/\/hostnetart.com.br\/baixada\/wp-json\/wp\/v2\/posts\/2530\/revisions"}],"wp:featuredmedia":[{"embeddable":true,"href":"https:\/\/hostnetart.com.br\/baixada\/wp-json\/wp\/v2\/media\/2529"}],"wp:attachment":[{"href":"https:\/\/hostnetart.com.br\/baixada\/wp-json\/wp\/v2\/media?parent=2530"}],"wp:term":[{"taxonomy":"category","embeddable":true,"href":"https:\/\/hostnetart.com.br\/baixada\/wp-json\/wp\/v2\/categories?post=2530"},{"taxonomy":"post_tag","embeddable":true,"href":"https:\/\/hostnetart.com.br\/baixada\/wp-json\/wp\/v2\/tags?post=2530"}],"curies":[{"name":"wp","href":"https:\/\/api.w.org\/{rel}","templated":true}]}}