{"id":2528,"date":"2017-06-07T00:00:00","date_gmt":"2017-06-07T03:00:00","guid":{"rendered":"https:\/\/hostnetart.com.br\/baixada\/comunicado-do-itau-sobre-reforma-trabalhista-e-parcial\/"},"modified":"2017-06-07T00:00:00","modified_gmt":"2017-06-07T03:00:00","slug":"comunicado-do-itau-sobre-reforma-trabalhista-e-parcial","status":"publish","type":"post","link":"https:\/\/hostnetart.com.br\/baixada\/comunicado-do-itau-sobre-reforma-trabalhista-e-parcial\/","title":{"rendered":"Comunicado do Ita\u00fa sobre reforma trabalhista \u00e9 parcial"},"content":{"rendered":"<p>\u00a0<\/p>\n<div dir=\"ltr\">\n<div class=\"gmail_quote\">\n<div dir=\"ltr\">\n<div>\n<div class=\"gmail_quote\">\n<div dir=\"ltr\" style=\"text-align: justify;\"><strong>Texto enviado aos funcion\u00e1rios n\u00e3o aborda retirada de direitos e esconde a defesa do projeto feita pelos meios de comunica\u00e7\u00e3o tradicionais<\/strong><\/p>\n<p>O Ita\u00fa enviou comunicado aos seus funcion\u00e1rios abordando pontos da reforma trabalhista proposta por Temer. O texto n\u00e3o faz uma defesa expl\u00edcita do projeto, mas tamb\u00e9m n\u00e3o esclarece os trabalhadores sobre a grave amea\u00e7a de retirada de direitos. Al\u00e9m disso, a nota afirma que a reforma \u201ctem sido amplamente discutida nos meios de comunica\u00e7\u00e3o\u201d, mas, o que os meios tradicionais de comunica\u00e7\u00e3o t\u00eam feito \u00e9 uma ampla defesa da reforma, n\u00e3o um debate. <\/p>\n<p>Fonte: SEEB\/SP<\/p><\/div>\n<\/div>\n<\/div>\n<\/div>\n<\/div>\n<\/div>\n<p>\u00a0<\/p>\n","protected":false},"excerpt":{"rendered":"<p>\u00a0 Texto enviado aos funcion\u00e1rios n\u00e3o aborda retirada de direitos e esconde a defesa do projeto feita pelos meios de comunica\u00e7\u00e3o tradicionais O Ita\u00fa enviou comunicado aos seus funcion\u00e1rios abordando pontos da reforma trabalhista proposta por Temer. O texto n\u00e3o faz uma defesa expl\u00edcita do projeto, mas tamb\u00e9m n\u00e3o esclarece os trabalhadores sobre a grave [&hellip;]<\/p>\n","protected":false},"author":1,"featured_media":2527,"comment_status":"","ping_status":"","sticky":false,"template":"","format":"standard","meta":{"footnotes":""},"categories":[3],"tags":[],"class_list":["post-2528","post","type-post","status-publish","format-standard","has-post-thumbnail","hentry","category-noticias"],"_links":{"self":[{"href":"https:\/\/hostnetart.com.br\/baixada\/wp-json\/wp\/v2\/posts\/2528","targetHints":{"allow":["GET"]}}],"collection":[{"href":"https:\/\/hostnetart.com.br\/baixada\/wp-json\/wp\/v2\/posts"}],"about":[{"href":"https:\/\/hostnetart.com.br\/baixada\/wp-json\/wp\/v2\/types\/post"}],"author":[{"embeddable":true,"href":"https:\/\/hostnetart.com.br\/baixada\/wp-json\/wp\/v2\/users\/1"}],"replies":[{"embeddable":true,"href":"https:\/\/hostnetart.com.br\/baixada\/wp-json\/wp\/v2\/comments?post=2528"}],"version-history":[{"count":0,"href":"https:\/\/hostnetart.com.br\/baixada\/wp-json\/wp\/v2\/posts\/2528\/revisions"}],"wp:featuredmedia":[{"embeddable":true,"href":"https:\/\/hostnetart.com.br\/baixada\/wp-json\/wp\/v2\/media\/2527"}],"wp:attachment":[{"href":"https:\/\/hostnetart.com.br\/baixada\/wp-json\/wp\/v2\/media?parent=2528"}],"wp:term":[{"taxonomy":"category","embeddable":true,"href":"https:\/\/hostnetart.com.br\/baixada\/wp-json\/wp\/v2\/categories?post=2528"},{"taxonomy":"post_tag","embeddable":true,"href":"https:\/\/hostnetart.com.br\/baixada\/wp-json\/wp\/v2\/tags?post=2528"}],"curies":[{"name":"wp","href":"https:\/\/api.w.org\/{rel}","templated":true}]}}