{"id":2428,"date":"2015-12-09T00:00:00","date_gmt":"2015-12-09T02:00:00","guid":{"rendered":"https:\/\/hostnetart.com.br\/baixada\/pls-555-ameaca-programas-sociais-aponta-roberto-von-der-osten\/"},"modified":"2015-12-09T00:00:00","modified_gmt":"2015-12-09T02:00:00","slug":"pls-555-ameaca-programas-sociais-aponta-roberto-von-der-osten","status":"publish","type":"post","link":"https:\/\/hostnetart.com.br\/baixada\/pls-555-ameaca-programas-sociais-aponta-roberto-von-der-osten\/","title":{"rendered":"\u201cPLS 555 amea\u00e7a programas sociais\u201d, aponta Roberto von der Osten"},"content":{"rendered":"<p>Em entrevista \u00e0 R\u00e1dio Brasil Atual, o presidente da Contraf-CUT, Roberto Von Der Osten, disse que o Projeto de Lei do Senado (PLS) 555\/2015 \u00e9 um ataque direto ao patrim\u00f4nio do povo, pois prop\u00f5e transformar estatais em empresas gerenciadas pela Lei das Sociedades An\u00f4nimas.<\/p>\n<p>Segundo Roberto von der Osten, com essa lei em vig\u00eancia, projetos como o Minha Casa, Minha Vida e Bolsa Fam\u00edlia poderiam ser obstados. \u201cComo \u00e9 que (os programas) seriam operados por um banco que tem um conselho de administra\u00e7\u00e3o que cobra resultados? Ele ter\u00e1 acionistas, que v\u00e3o cobrar resultados. Tudo isso fica muito nebuloso\u201d, afirmou.<\/p>\n<p>Clique aqui e ou\u00e7a a mat\u00e9ria completa, veiculada na sexta-feira (4)<\/p>\n<p>Iniciativa seria do Executivo \u2013 Bet\u00e3o diz que o PLS 555 tem algumas dificuldades. \u201cPrimeiro, que esse tipo de projeto era uma reserva de iniciativa do Executivo, e isso n\u00e3o foi feito. Ele \u00e9 um projeto de lei que corre dentro da casa congressual e n\u00e3o vem do Executivo. E mais: o tempo da proposi\u00e7\u00e3o at\u00e9 a vota\u00e7\u00e3o de urg\u00eancia foi de tr\u00eas meses. Ent\u00e3o, \u00e9 uma coisa muito r\u00e1pida, que denuncia uma falta de debate com a sociedade.\u201d<\/p>\n<p>\u201cUm projeto dessa envergadura, que modifica a rela\u00e7\u00e3o de todas as empresas p\u00fablicas municipais, estaduais e federais com a sua gest\u00e3o, gerenciamento e propriedade estatal tem de ser debatido melhor com a sociedade e tem de ser proposto pelo Executivo e n\u00e3o pelo Legislativo\u201d, completou.<\/p>\n<p>25% das a\u00e7\u00f5es \u2013 Pelo projeto de lei, as empresas teriam dois anos para colocar 25% de suas a\u00e7\u00f5es no mercado de capitais. \u201cAs a\u00e7\u00f5es s\u00f3 podem ser ordin\u00e1rias, n\u00e3o podem ser preferenciais, ser\u00e1 preciso fazer uma recompra de a\u00e7\u00f5es, \u00e9 um contrassenso absurdo.\u201d<\/p>\n<p>Fonte: Contraf-CUT<\/p>\n","protected":false},"excerpt":{"rendered":"<p>Em entrevista \u00e0 R\u00e1dio Brasil Atual, o presidente da Contraf-CUT, Roberto Von Der Osten, disse que o Projeto de Lei do Senado (PLS) 555\/2015 \u00e9 um ataque direto ao patrim\u00f4nio do povo, pois prop\u00f5e transformar estatais em empresas gerenciadas pela Lei das Sociedades An\u00f4nimas. Segundo Roberto von der Osten, com essa lei em vig\u00eancia, projetos [&hellip;]<\/p>\n","protected":false},"author":1,"featured_media":2427,"comment_status":"","ping_status":"","sticky":false,"template":"","format":"standard","meta":{"footnotes":""},"categories":[3],"tags":[],"class_list":["post-2428","post","type-post","status-publish","format-standard","has-post-thumbnail","hentry","category-noticias"],"_links":{"self":[{"href":"https:\/\/hostnetart.com.br\/baixada\/wp-json\/wp\/v2\/posts\/2428","targetHints":{"allow":["GET"]}}],"collection":[{"href":"https:\/\/hostnetart.com.br\/baixada\/wp-json\/wp\/v2\/posts"}],"about":[{"href":"https:\/\/hostnetart.com.br\/baixada\/wp-json\/wp\/v2\/types\/post"}],"author":[{"embeddable":true,"href":"https:\/\/hostnetart.com.br\/baixada\/wp-json\/wp\/v2\/users\/1"}],"replies":[{"embeddable":true,"href":"https:\/\/hostnetart.com.br\/baixada\/wp-json\/wp\/v2\/comments?post=2428"}],"version-history":[{"count":0,"href":"https:\/\/hostnetart.com.br\/baixada\/wp-json\/wp\/v2\/posts\/2428\/revisions"}],"wp:featuredmedia":[{"embeddable":true,"href":"https:\/\/hostnetart.com.br\/baixada\/wp-json\/wp\/v2\/media\/2427"}],"wp:attachment":[{"href":"https:\/\/hostnetart.com.br\/baixada\/wp-json\/wp\/v2\/media?parent=2428"}],"wp:term":[{"taxonomy":"category","embeddable":true,"href":"https:\/\/hostnetart.com.br\/baixada\/wp-json\/wp\/v2\/categories?post=2428"},{"taxonomy":"post_tag","embeddable":true,"href":"https:\/\/hostnetart.com.br\/baixada\/wp-json\/wp\/v2\/tags?post=2428"}],"curies":[{"name":"wp","href":"https:\/\/api.w.org\/{rel}","templated":true}]}}