{"id":2426,"date":"2015-12-01T00:00:00","date_gmt":"2015-12-01T02:00:00","guid":{"rendered":"https:\/\/hostnetart.com.br\/baixada\/bancarios-do-santander-questionam-descumprimento-da-cct-no-forum-de-saude\/"},"modified":"2015-12-01T00:00:00","modified_gmt":"2015-12-01T02:00:00","slug":"bancarios-do-santander-questionam-descumprimento-da-cct-no-forum-de-saude","status":"publish","type":"post","link":"https:\/\/hostnetart.com.br\/baixada\/bancarios-do-santander-questionam-descumprimento-da-cct-no-forum-de-saude\/","title":{"rendered":"Banc\u00e1rios do Santander questionam descumprimento da CCT no F\u00f3rum de Sa\u00fade"},"content":{"rendered":"<p>O Programa Retorne Bem foi o tema central do F\u00f3rum de Sa\u00fade do Santander, realizado nesta quinta-feira (26), em S\u00e3o Paulo. \u201c\u00c9 uma reuni\u00e3o peri\u00f3dica, prevista em nosso aditivo \u00e0 CCT, que re\u00fane dirigentes sindicais, cipeiros eleitos (um por Cipa) e o banco para discutir quest\u00f5es de sa\u00fade\u201d, explicou Mario Raia, secret\u00e1rio de Rela\u00e7\u00f5es Internacionais da Contraf-CUT.<\/p>\n<p>O Santander continua sem responder \u00e0 maioria das reivindica\u00e7\u00f5es dos banc\u00e1rios entregues ao banco no dia 10 de mar\u00e7o deste ano. O objetivo dos trabalhadores \u00e9 garantir a participa\u00e7\u00e3o na estrutura\u00e7\u00e3o do programa, dirigido aos funcion\u00e1rios que voltam a trabalhar depois de licen\u00e7a m\u00e9dica. \u201cO programa, implantado de forma unilateral pelo banco, desrespeita a cl\u00e1usula 44 da Conven\u00e7\u00e3o Coletiva de Trabalho (CCT) da categoria, que prev\u00ea a participa\u00e7\u00e3o do movimento sindical\u201d, lembrou Mario Raia.<\/p>\n<p>Os sindicatos cobraram novamente que o banco apresente o programa por escrito, para que os trabalhadores possam conhecer, discutir e verificar como se dar\u00e1 a efetiva participa\u00e7\u00e3o da categoria.<\/p>\n<p>Tamb\u00e9m foi relatado que os problemas enfrentados pelos banc\u00e1rios que retornam de licen\u00e7a m\u00e9dica persistem. Uma das principais reclama\u00e7\u00f5es diz respeito \u00e0 falta de autonomia e imparcialidade dos m\u00e9dicos contratados pelo Santander no momento dos exames m\u00e9dicos de retorno ao trabalho, peri\u00f3dico ou demissional.<\/p>\n<p>Para exemplificar, durante a reuni\u00e3o foi relatado caso ocorrido recentemente na Bahia \u2013 e denunciado ao sindicato do estado \u2013, no qual o banco convocou um m\u00e9dico de S\u00e3o Paulo unicamente para considerar aptos banc\u00e1rios com problemas de sa\u00fade relacionados ao trabalho.<\/p>\n<p>Ainda que foram destacados outros problemas enfrentados por quem ficou afastado. Inclusive para os que est\u00e3o no Retorne Bem, como a falta de apoio dos gestores, impossibilidade de transfer\u00eancia ou mudan\u00e7a de fun\u00e7\u00e3o quando necess\u00e1rio, cobran\u00e7a de metas, avalia\u00e7\u00e3o de desempenho sem levar em conta o afastamento e seu estado de sa\u00fade, isolamento, ficar sem fun\u00e7\u00e3o e\/ou acesso ao sistema do banco, al\u00e9m do medo de demiss\u00e3o.<\/p>\n<p>OIT \u2013 Os dirigentes sindicais lembraram ainda aos representantes do banco espanhol que o Brasil \u00e9 signat\u00e1rio da Conven\u00e7\u00e3o 161 da Organiza\u00e7\u00e3o Internacional do Trabalho (OIT). A norma determina que os servi\u00e7os m\u00e9dicos do trabalho devem ser constru\u00eddos com a participa\u00e7\u00e3o e coopera\u00e7\u00e3o dos trabalhadores e seus representantes e que os m\u00e9dicos que atuam na empresa devem ter autonomia e imparcialidade.<\/p>\n<p>Os representantes do Santander alegaram que quest\u00f5es relacionadas \u00e0 Conven\u00e7\u00e3o 161 devem ser discutidas na mesa da Fenaban. Mas a representa\u00e7\u00e3o sindical insiste que quer discutir uma forma de os trabalhadores avaliarem os servi\u00e7os m\u00e9dicos prestados pelos profissionais do banco.<\/p>\n<p>Nova reuni\u00e3o \u2013 Os sindicatos e o Santander se reunir\u00e3o novamente no primeiro trimestre de 2016 para retomar as negocia\u00e7\u00f5es acerca de todos esses temas.<\/p>\n<p>Fonte: Contraf-CUT, com Seeb SP<br \/>COMPARTILHE<\/p>\n<p>CONTE\u00daDOS RELACIONADOS<\/p>\n<p>\u00a0\u00a0\u00a0 30\/11\/2015<\/p>\n<p>\u00a0\u00a0\u00a0 Contraf-CUT retoma mesa parit\u00e1ria de sa\u00fade com Fenaban no dia de 9 dezembro<br \/>\u00a0\u00a0\u00a0 27\/11\/2015<\/p>\n<p>\u00a0\u00a0\u00a0 Contraf-CUT participa da 15\u00aa Confer\u00eancia Nacional de Sa\u00fade<br \/>\u00a0\u00a0\u00a0 23\/11\/2015<\/p>\n<p>\u00a0\u00a0\u00a0 Ap\u00f3s cobran\u00e7a dos banc\u00e1rios de Campo Grande, Sa\u00fade Bradesco n\u00e3o suspende atendimento na Maternidade C\u00e2ndido Mariano<br \/>\u00a0\u00a0\u00a0 19\/11\/2015<\/p>\n<p>\u00a0\u00a0\u00a0 Coletivo Nacional de Sa\u00fade do Trabalhador da Contraf come\u00e7a a rodar o Brasil com reuni\u00f5es itinerantes<br \/>\u00a0\u00a0\u00a0 09\/11\/2015<\/p>\n<p>\u00a0\u00a0\u00a0 Bancarios de Campo Grande (MS) retardam a abertura de quatro ag\u00eancias do Bradesco pela falta de atendimento do Sa\u00fade Bradesco<br \/>\u00a0\u00a0\u00a0 04\/11\/2015<\/p>\n<p>\u00a0\u00a0\u00a0 C\u00e1lculo do FAP mudar\u00e1 em 2016<br \/>\u00a0\u00a0\u00a0 03\/11\/2015<\/p>\n<p>\u00a0\u00a0\u00a0 Elei\u00e7\u00e3o do Conselho Nacional de Sa\u00fade (CNS) ser\u00e1 nesta quinta-feira (05), em Bras\u00edlia<br \/>\u00a0\u00a0\u00a0 28\/10\/2015<\/p>\n<p>\u00a0\u00a0\u00a0 Centrais sindicais lan\u00e7am manifesto em defesa da sa\u00fade dos trabalhadores e das trabalhadoras<br \/>\u00a0\u00a0\u00a0 21\/10\/2015<\/p>\n<p>\u00a0\u00a0\u00a0 Justi\u00e7a mant\u00e9m plano de sa\u00fade para quem sai do Bradesco em Campinas<br \/>\u00a0\u00a0\u00a0 07\/10\/2015<\/p>\n<p>\u00a0\u00a0\u00a0 No primeiro dia de greve dos banc\u00e1rios, BRB recua e apresenta proposta<\/p>\n","protected":false},"excerpt":{"rendered":"<p>O Programa Retorne Bem foi o tema central do F\u00f3rum de Sa\u00fade do Santander, realizado nesta quinta-feira (26), em S\u00e3o Paulo. \u201c\u00c9 uma reuni\u00e3o peri\u00f3dica, prevista em nosso aditivo \u00e0 CCT, que re\u00fane dirigentes sindicais, cipeiros eleitos (um por Cipa) e o banco para discutir quest\u00f5es de sa\u00fade\u201d, explicou Mario Raia, secret\u00e1rio de Rela\u00e7\u00f5es Internacionais [&hellip;]<\/p>\n","protected":false},"author":1,"featured_media":0,"comment_status":"","ping_status":"","sticky":false,"template":"","format":"standard","meta":{"footnotes":""},"categories":[3],"tags":[],"class_list":["post-2426","post","type-post","status-publish","format-standard","hentry","category-noticias"],"_links":{"self":[{"href":"https:\/\/hostnetart.com.br\/baixada\/wp-json\/wp\/v2\/posts\/2426","targetHints":{"allow":["GET"]}}],"collection":[{"href":"https:\/\/hostnetart.com.br\/baixada\/wp-json\/wp\/v2\/posts"}],"about":[{"href":"https:\/\/hostnetart.com.br\/baixada\/wp-json\/wp\/v2\/types\/post"}],"author":[{"embeddable":true,"href":"https:\/\/hostnetart.com.br\/baixada\/wp-json\/wp\/v2\/users\/1"}],"replies":[{"embeddable":true,"href":"https:\/\/hostnetart.com.br\/baixada\/wp-json\/wp\/v2\/comments?post=2426"}],"version-history":[{"count":0,"href":"https:\/\/hostnetart.com.br\/baixada\/wp-json\/wp\/v2\/posts\/2426\/revisions"}],"wp:attachment":[{"href":"https:\/\/hostnetart.com.br\/baixada\/wp-json\/wp\/v2\/media?parent=2426"}],"wp:term":[{"taxonomy":"category","embeddable":true,"href":"https:\/\/hostnetart.com.br\/baixada\/wp-json\/wp\/v2\/categories?post=2426"},{"taxonomy":"post_tag","embeddable":true,"href":"https:\/\/hostnetart.com.br\/baixada\/wp-json\/wp\/v2\/tags?post=2426"}],"curies":[{"name":"wp","href":"https:\/\/api.w.org\/{rel}","templated":true}]}}