{"id":2425,"date":"2015-12-01T00:00:00","date_gmt":"2015-12-01T02:00:00","guid":{"rendered":"https:\/\/hostnetart.com.br\/baixada\/contraf-cut-e-sindicatos-cobram-itau-sobre-demissoes\/"},"modified":"2015-12-01T00:00:00","modified_gmt":"2015-12-01T02:00:00","slug":"contraf-cut-e-sindicatos-cobram-itau-sobre-demissoes","status":"publish","type":"post","link":"https:\/\/hostnetart.com.br\/baixada\/contraf-cut-e-sindicatos-cobram-itau-sobre-demissoes\/","title":{"rendered":"Contraf-CUT e sindicatos cobram Ita\u00fa sobre demiss\u00f5es"},"content":{"rendered":"<p>A Contraf-CUT, federa\u00e7\u00f5es e sindicatos, estiveram reunidos nesta quinta-feira (26) , em S\u00e3o Paulo,\u00a0 com a dire\u00e7\u00e3o do Ita\u00fa,\u00a0 para discutir demiss\u00f5es e Agir, entre outros temas. Pelo banco, participaram Romualdo Garbos (RH), Marcelo Orticelli (Rela\u00e7\u00f5es Sindicais), Carlos Sobrinho (Rela\u00e7\u00f5es de Trabalho) e Marcos Aurel\u00edo (Rela\u00e7\u00f5es Sindicais).<\/p>\n<p>Os representantes dos banc\u00e1rios questionaram o Ita\u00fa sobre a exist\u00eancia de uma onda de demiss\u00f5es e fechamento de ag\u00eancias em todo o pa\u00eds, depois da campanha salarial. O banco afirmou que n\u00e3o h\u00e1 varia\u00e7\u00e3o no n\u00famero de demitidos em compara\u00e7\u00e3o ao ano passado e que n\u00e3o haver\u00e1 demiss\u00e3o em massa. Os banc\u00e1rios pediram informa\u00e7\u00f5es mais detalhadas e o banco ficou de apresentar na pr\u00f3xima reuni\u00e3o, que deve acontecer entre 15 e 17 de dezembro, mesmo per\u00edodo em que a COE-Comiss\u00e3o de Organiza\u00e7\u00e3o dos Empregados estar\u00e1 reunida em S\u00e3o Paulo.<\/p>\n<p>Foi apresentada tamb\u00e9m a proposta de constru\u00e7\u00e3o de uma agenda para reuni\u00e3o de tr\u00eas em tr\u00eas meses para acompanhar o n\u00edvel de emprego dentro do Ita\u00fa, que foi aceita pelo bamco.<\/p>\n<p>\u201cTemos recebido muitas den\u00fancias sobre demiss\u00f5es e se este processo continuar faremos uma campanha nacional de mobiliza\u00e7\u00e3o contra o Ita\u00fa\u201d, afirma Jair Alves, coordenador da COE.<\/p>\n<p>A Contraf-CUT tamb\u00e9m cobrou informa\u00e7\u00f5es sobre o fechamento do pr\u00e9dio da S\u00e3o Cristov\u00e3o, que tem em m\u00e9dia 400 trabalhadores, anunciada ontem (25) ao Sindicato do Rio de Janeiro. O banco disse que vai realocar os funcion\u00e1rios da \u00e1rea comercial: \u201cReiteramos nossa preocupa\u00e7\u00e3o com a garantia do emprego para o pessoal que trabalha no pr\u00e9dio\u201d afirmou J\u00f4 Araujo, da COE.<\/p>\n<p>Sobre o Agir, o banco disse que vai atender a uma antiga reivindica\u00e7\u00e3o sobre um ajuste do impacto dos dias da greve no c\u00e1lculo da gratifica\u00e7\u00e3o. A partir de agora, o banco vai usar a os \u00faltimos tr\u00eas meses como refer\u00eancia (julho, agosto e setembro), prevalecendo o que for mais vantajoso.\u00a0 Os banc\u00e1rios reiteraram ainda, a reivindica\u00e7\u00e3o da revis\u00e3o do impacto das f\u00e9rias no c\u00e1lculo e o banco disse que vai avaliar.<\/p>\n<p>\u201cDepois de muita luta e muita insist\u00eancia finalmente conseguimos que o banco entendesse que a greve \u00e9 um direito do trabalhador, que n\u00e3o pode ser prejudicado na sua remunera\u00e7\u00e3o em virtude disso\u201d, afirmou Mauri Sergio Martins de Souza, secret\u00e1rio de Assuntos Jur\u00eddicos da Contraf-CUT.<\/p>\n<p>Outra informa\u00e7\u00e3o importante durante a reuni\u00e3o foi a de que assistentes comerciais passar\u00e3o a ser contratados como assistentes, com jornada de 6h, sendo que os que j\u00e1 trabalham continuar\u00e3o na mesma fun\u00e7\u00e3o e jornada: \u201cO n\u00famero de assistentes comerciais \u00e9 bastante representativo e o banco passa agora a respeitar a jornada dos banc\u00e1rios que \u00e9 de seis horas\u201d, destaca Jair.<\/p>\n","protected":false},"excerpt":{"rendered":"<p>A Contraf-CUT, federa\u00e7\u00f5es e sindicatos, estiveram reunidos nesta quinta-feira (26) , em S\u00e3o Paulo,\u00a0 com a dire\u00e7\u00e3o do Ita\u00fa,\u00a0 para discutir demiss\u00f5es e Agir, entre outros temas. Pelo banco, participaram Romualdo Garbos (RH), Marcelo Orticelli (Rela\u00e7\u00f5es Sindicais), Carlos Sobrinho (Rela\u00e7\u00f5es de Trabalho) e Marcos Aurel\u00edo (Rela\u00e7\u00f5es Sindicais). Os representantes dos banc\u00e1rios questionaram o Ita\u00fa sobre [&hellip;]<\/p>\n","protected":false},"author":1,"featured_media":0,"comment_status":"","ping_status":"","sticky":false,"template":"","format":"standard","meta":{"footnotes":""},"categories":[3],"tags":[],"class_list":["post-2425","post","type-post","status-publish","format-standard","hentry","category-noticias"],"_links":{"self":[{"href":"https:\/\/hostnetart.com.br\/baixada\/wp-json\/wp\/v2\/posts\/2425","targetHints":{"allow":["GET"]}}],"collection":[{"href":"https:\/\/hostnetart.com.br\/baixada\/wp-json\/wp\/v2\/posts"}],"about":[{"href":"https:\/\/hostnetart.com.br\/baixada\/wp-json\/wp\/v2\/types\/post"}],"author":[{"embeddable":true,"href":"https:\/\/hostnetart.com.br\/baixada\/wp-json\/wp\/v2\/users\/1"}],"replies":[{"embeddable":true,"href":"https:\/\/hostnetart.com.br\/baixada\/wp-json\/wp\/v2\/comments?post=2425"}],"version-history":[{"count":0,"href":"https:\/\/hostnetart.com.br\/baixada\/wp-json\/wp\/v2\/posts\/2425\/revisions"}],"wp:attachment":[{"href":"https:\/\/hostnetart.com.br\/baixada\/wp-json\/wp\/v2\/media?parent=2425"}],"wp:term":[{"taxonomy":"category","embeddable":true,"href":"https:\/\/hostnetart.com.br\/baixada\/wp-json\/wp\/v2\/categories?post=2425"},{"taxonomy":"post_tag","embeddable":true,"href":"https:\/\/hostnetart.com.br\/baixada\/wp-json\/wp\/v2\/tags?post=2425"}],"curies":[{"name":"wp","href":"https:\/\/api.w.org\/{rel}","templated":true}]}}