{"id":2422,"date":"2015-11-25T00:00:00","date_gmt":"2015-11-25T02:00:00","guid":{"rendered":"https:\/\/hostnetart.com.br\/baixada\/sindicato-exige-fim-das-demissoes-e-do-assedio-moral-no-mercantil-do-brasil\/"},"modified":"2015-11-25T00:00:00","modified_gmt":"2015-11-25T02:00:00","slug":"sindicato-exige-fim-das-demissoes-e-do-assedio-moral-no-mercantil-do-brasil","status":"publish","type":"post","link":"https:\/\/hostnetart.com.br\/baixada\/sindicato-exige-fim-das-demissoes-e-do-assedio-moral-no-mercantil-do-brasil\/","title":{"rendered":"Sindicato exige fim das demiss\u00f5es e do ass\u00e9dio moral no Mercantil do Brasil"},"content":{"rendered":"<p><strong>Os representantes dos funcion\u00e1rios exigiram a apura\u00e7\u00e3o dos fatos e a puni\u00e7\u00e3o dos gestores respons\u00e1veis pela pr\u00e1tica<\/strong><\/p>\n<p>24\/11\/2015<\/p>\n<p>Em reuni\u00e3o realizada nesta segunda-feira (23), na sede do Mercantil do Brasil, em Belo Horizonte, o Sindicato dos Banc\u00e1rios de Belo Horizonte exigiu explica\u00e7\u00f5es do banco para a onda de demiss\u00f5es imotivadas que vem trazendo inseguran\u00e7a aos funcion\u00e1rios. Na mesa, o Sindicato foi representado pela presidenta, Eliana Brasil, e pelos funcion\u00e1rios do Mercantil e diretores do Sindicato, Marco Aur\u00e9lio Alves e Vanderci Ant\u00f4nio.<\/p>\n<p>Por todo o Brasil, dezenas de banc\u00e1rias e banc\u00e1rios do Mercantil, m\u00e3es e pais de fam\u00edlia, perderam seus empregos sem qualquer explica\u00e7\u00e3o plaus\u00edvel, a n\u00e3o ser a gan\u00e2ncia e a obsess\u00e3o da dire\u00e7\u00e3o do banco por lucros cada vez maiores. Durante a reuni\u00e3o, o Sindicato tamb\u00e9m cobrou a\u00e7\u00f5es do Mercantil em rela\u00e7\u00e3o a den\u00fancias que vem recebendo de ass\u00e9dio moral no departamento \u201cCanais Eletr\u00f4nicos\u201d. Os representantes dos funcion\u00e1rios exigiram a apura\u00e7\u00e3o dos fatos e a puni\u00e7\u00e3o dos gestores respons\u00e1veis pela pr\u00e1tica.<\/p>\n<p>Diante da situa\u00e7\u00e3o denunciada, o Mercantil utilizou, em sua defesa, mais uma vez, a chamada \u201ccrise\u201d para justificar as demiss\u00f5es em todo o Brasil. O banco alegou, ainda, que passa por um momento de ajuste operacional e redu\u00e7\u00e3o de despesas com pessoal e que se prepara para uma conjuntura altamente desfavor\u00e1vel no ano de 2016. Por\u00e9m, contraditoriamente, o Mercantil afirmou que pretende inaugurar mais 25 ag\u00eancias no ano que vem e que vai operacionalizar v\u00e1rias atividades, criando um novo grande departamento interno com a realoca\u00e7\u00e3o de alguns funcion\u00e1rios de outras \u00e1reas.<\/p>\n<p>Sobre as den\u00fancias de ass\u00e9dio moral, o representante do banco garantiu que os casos ser\u00e3o apurados o mais r\u00e1pido poss\u00edvel e que os gestores envolvidos ser\u00e3o devidamente advertidos sobre a proibi\u00e7\u00e3o de tal pr\u00e1tica.<\/p>\n<p>O Sindicato deixou claro, em mesa, que repudia a onda de demiss\u00f5es imotivadas no Mercantil e exigiu respeito e reconhecimento a banc\u00e1rias e banc\u00e1rios que v\u00eam sofrendo com o ass\u00e9dio moral em suas unidades de trabalho.<\/p>\n<p>Fonte: Seeb BH<\/p>\n","protected":false},"excerpt":{"rendered":"<p>Os representantes dos funcion\u00e1rios exigiram a apura\u00e7\u00e3o dos fatos e a puni\u00e7\u00e3o dos gestores respons\u00e1veis pela pr\u00e1tica 24\/11\/2015 Em reuni\u00e3o realizada nesta segunda-feira (23), na sede do Mercantil do Brasil, em Belo Horizonte, o Sindicato dos Banc\u00e1rios de Belo Horizonte exigiu explica\u00e7\u00f5es do banco para a onda de demiss\u00f5es imotivadas que vem trazendo inseguran\u00e7a aos [&hellip;]<\/p>\n","protected":false},"author":1,"featured_media":0,"comment_status":"","ping_status":"","sticky":false,"template":"","format":"standard","meta":{"footnotes":""},"categories":[3],"tags":[],"class_list":["post-2422","post","type-post","status-publish","format-standard","hentry","category-noticias"],"_links":{"self":[{"href":"https:\/\/hostnetart.com.br\/baixada\/wp-json\/wp\/v2\/posts\/2422","targetHints":{"allow":["GET"]}}],"collection":[{"href":"https:\/\/hostnetart.com.br\/baixada\/wp-json\/wp\/v2\/posts"}],"about":[{"href":"https:\/\/hostnetart.com.br\/baixada\/wp-json\/wp\/v2\/types\/post"}],"author":[{"embeddable":true,"href":"https:\/\/hostnetart.com.br\/baixada\/wp-json\/wp\/v2\/users\/1"}],"replies":[{"embeddable":true,"href":"https:\/\/hostnetart.com.br\/baixada\/wp-json\/wp\/v2\/comments?post=2422"}],"version-history":[{"count":0,"href":"https:\/\/hostnetart.com.br\/baixada\/wp-json\/wp\/v2\/posts\/2422\/revisions"}],"wp:attachment":[{"href":"https:\/\/hostnetart.com.br\/baixada\/wp-json\/wp\/v2\/media?parent=2422"}],"wp:term":[{"taxonomy":"category","embeddable":true,"href":"https:\/\/hostnetart.com.br\/baixada\/wp-json\/wp\/v2\/categories?post=2422"},{"taxonomy":"post_tag","embeddable":true,"href":"https:\/\/hostnetart.com.br\/baixada\/wp-json\/wp\/v2\/tags?post=2422"}],"curies":[{"name":"wp","href":"https:\/\/api.w.org\/{rel}","templated":true}]}}