{"id":2398,"date":"2015-10-04T00:00:00","date_gmt":"2015-10-04T03:00:00","guid":{"rendered":"https:\/\/hostnetart.com.br\/baixada\/bancarios-de-todo-o-pais-decidem-pela-greve-a-partir-do-dia-6\/"},"modified":"2015-10-04T00:00:00","modified_gmt":"2015-10-04T03:00:00","slug":"bancarios-de-todo-o-pais-decidem-pela-greve-a-partir-do-dia-6","status":"publish","type":"post","link":"https:\/\/hostnetart.com.br\/baixada\/bancarios-de-todo-o-pais-decidem-pela-greve-a-partir-do-dia-6\/","title":{"rendered":"Banc\u00e1rios de todo o Pa\u00eds decidem pela greve a partir do dia 6"},"content":{"rendered":"<p>Greve a partir da pr\u00f3xima ter\u00e7a-feira (6). Essa foi a resposta que os banc\u00e1rios de todo o Brasil decidiram dar para a proposta desrespeitosa apresentada pela Federa\u00e7\u00e3o Nacional dos Bancos (Fenaban), na \u00faltima sexta-feira (25). A categoria ainda far\u00e1 novas assembleias na pr\u00f3xima segunda-feira (5), para organizar o movimento. <\/p>\n<p>O Comando Nacional dos Banc\u00e1rios, coordenado pela Confedera\u00e7\u00e3o Nacional dos Trabalhadores do Ramo Financeiro (Contraf-CUT), orientou pela rejei\u00e7\u00e3o das propostas dos bancos por consider\u00e1-las desrespeitosas. A Fenaban prop\u00f5e reajuste de 5,5% no sal\u00e1rio, tamb\u00e9m na PLR e nos aux\u00edlios refei\u00e7\u00e3o, alimenta\u00e7\u00e3o, creche e abono de R$ 2.500,00, durante a rodada de negocia\u00e7\u00e3o da \u00faltima sexta-feira (25), em S\u00e3o Paulo. O reajuste est\u00e1 muito abaixo da infla\u00e7\u00e3o, que ficou em 9,88%, em agosto deste ano.<\/p>\n<p>Roberto von der Osten, presidente da Contraf-CUT e um dos coordenadores do Comando Nacional, classificou como desrespeitosa e oportunista a atitude dos bancos. \u201cJustamente o setor que mais tem lucro no Brasil apresentou a pior propostas que os trabalhadores poderiam receber\u201d, afirmou. \u201cA resposta dos banc\u00e1rios n\u00e3o poderia ser outra sen\u00e3o greve. Explora\u00e7\u00e3o n\u00e3o tem perd\u00e3o\u201d, completou.<\/p>\n<p>Juvandia Moreira, vice-presidenta da Contraf-CUT e uma das coordenadoras do Comando Nacional, lembrou que os 5 maiores bancos do Pa\u00eds lucraram 36 bilh\u00f5es no primeiro semestre, um crescimento de 27%, em rela\u00e7\u00e3o ao ano passado. \u201cA\u00ed chega na hora de negociar, eles desrespeitam todas as nossas reivindica\u00e7\u00f5es, como as de sa\u00fade, seguran\u00e7a e condi\u00e7\u00f5es de trabalho. \u00c9 uma proposta vergonhosa. A categoria banc\u00e1ria tem de ser respeitada, valorizada, pois s\u00e3o os respons\u00e1veis pelos lucros\u201d, repudiou. \u201cTemos condi\u00e7\u00e3o de fazermos uma greve muito forte para mostrar a reprova\u00e7\u00e3o dos trabalhadores com a proposta dos bancos\u201d, convocou.<\/p>\n<p>Os funcion\u00e1rios dos bancos p\u00fablicos al\u00e9m de rejeitarem a proposta da Fenaban, repudiaram tamb\u00e9m a falta de propostas das institui\u00e7\u00f5es para as pautas de reivindica\u00e7\u00f5es espec\u00edficas.<\/p>\n<p>Na \u00faltima quarta-feira (30), a Contraf-CUT enviou of\u00edcio \u00e0 Fenaban para informar que o Comando Nacional dos Banc\u00e1rios estar\u00e1 reunido, em S\u00e3o Paulo, nesta sexta-feira (2). O documento reafirmou a disposi\u00e7\u00e3o de retomada das negocia\u00e7\u00f5es para uma proposta global de resolu\u00e7\u00e3o da Campanha Nacional 2015 \u201cque contemple o reajuste do sal\u00e1rio dos banc\u00e1rios pela infla\u00e7\u00e3o do per\u00edodo, acrescido de um ganho real que valorize os trabalhadores\u201d.<\/p>\n<p>Proposta dos bancos<br \/>Reajuste de 5,5% (representa perda de 4% para os banc\u00e1rios em rela\u00e7\u00e3o \u00e0 infla\u00e7\u00e3o de 9,88%). <\/p>\n<p>Piso portaria ap\u00f3s 90 dias \u2013 R$ 1.321,26. <\/p>\n<p>Piso escrit\u00f3rio ap\u00f3s 90 dias \u2013 R$ 1.895,25. <\/p>\n<p>Piso caixa\/tesouraria ap\u00f3s 90 dias \u2013 R$ 2.560,23 (sal\u00e1rio mais gratifica\u00e7\u00e3o, mais outras verbas de caixa).<\/p>\n<p>PLR regra b\u00e1sica \u2013 90% do sal\u00e1rio mais R$ 1.939,08, limitado a R$ 10.402,22. Se o total ficar abaixo de 5% do lucro l\u00edquido, salta para 2,2 sal\u00e1rios, com teto de R$ 22.884,87.<\/p>\n<p>PLR parcela adicional \u2013 2,2% do lucro l\u00edquido dividido linearmente para todos, limitado a R$ 3.878,16.<\/p>\n<p>Antecipa\u00e7\u00e3o da PLR<br \/>Primeira parcela depositada at\u00e9 dez dias ap\u00f3s assinatura da Conven\u00e7\u00e3o Coletiva. Pagamento final at\u00e9 01\/03\/2016. <\/p>\n<p>Regra b\u00e1sica \u2013 54% do sal\u00e1rio mais fixo de R$ 1.163,44, limitado a R$ 6.241,33 e ao teto de 12,8% do lucro l\u00edquido \u2013 o que ocorrer primeiro.<\/p>\n<p>Parcela adicional \u2013 2,2% do lucro l\u00edquido do primeiro semestre de 2015, limitado a R$ 1.939,08.<\/p>\n<p>Aux\u00edlio-refei\u00e7\u00e3o \u2013 R$ 27,43.<\/p>\n<p>Aux\u00edlio-cesta alimenta\u00e7\u00e3o e 13\u00aa cesta \u2013 R$ 454,87.<\/p>\n<p>Aux\u00edlio-creche\/bab\u00e1 (filhos at\u00e9 71 meses) \u2013 R$ 378,56.<\/p>\n<p>Aux\u00edlio-creche\/bab\u00e1 (filhos at\u00e9 83 meses) \u2013 R$ 323,84.<\/p>\n<p>Gratifica\u00e7\u00e3o de compensador de cheques \u2013 R$ 147,11.<\/p>\n<p>Requalifica\u00e7\u00e3o profissional \u2013 R$ 1.294,49.<\/p>\n<p>Aux\u00edlio-funeral \u2013 R$ 868,58.<\/p>\n<p>Indeniza\u00e7\u00e3o por morte ou incapacidade decorrente de assalto \u2013 R$ 129.522,56<\/p>\n<p>Ajuda deslocamento noturno \u2013 R$ 90,67.<\/p>\n<p>As reivindica\u00e7\u00f5es da categoria, apresentadas pelo Comando Nacional dos Banc\u00e1rios, s\u00e3o muito diferentes da proposta dos bancos. Confira: <\/p>\n<p>Reajuste salarial de 16%. (incluindo reposi\u00e7\u00e3o da infla\u00e7\u00e3o mais 5,7% de aumento real)<\/p>\n<p>PLR: 3 sal\u00e1rios mais R$7.246,82 <\/p>\n<p>Piso: R$3.299,66 (equivalente ao sal\u00e1rio m\u00ednimo do Dieese em valores de junho \u00faltimo).<\/p>\n<p>Vales alimenta\u00e7\u00e3o, refei\u00e7\u00e3o, 13\u00aa cesta e aux\u00edlio-creche\/bab\u00e1: R$788,00 ao m\u00eas para cada (sal\u00e1rio m\u00ednimo nacional).<\/p>\n<p>Melhores condi\u00e7\u00f5es de trabalho com o fim das metas abusivas e do ass\u00e9dio moral que adoecem os banc\u00e1rios.<\/p>\n<p>Emprego: fim das demiss\u00f5es, mais contrata\u00e7\u00f5es, fim da rotatividade e combate \u00e0s terceiriza\u00e7\u00f5es diante dos riscos de aprova\u00e7\u00e3o do PLC 30\/15 no Senado Federal, al\u00e9m da ratifica\u00e7\u00e3o da Conven\u00e7\u00e3o 158 da OIT, que co\u00edbe dispensas imotivadas.<\/p>\n<p>Plano de Cargos, Carreiras e Sal\u00e1rios (PCCS) para todos os banc\u00e1rios.<\/p>\n<p>Aux\u00edlio-educa\u00e7\u00e3o: pagamento para gradua\u00e7\u00e3o e p\u00f3s.<\/p>\n<p>Preven\u00e7\u00e3o contra assaltos e sequestros: perman\u00eancia de dois vigilantes por andar nas ag\u00eancias e pontos de servi\u00e7os banc\u00e1rios, conforme legisla\u00e7\u00e3o. Instala\u00e7\u00e3o de portas girat\u00f3rias com detector de metais na entrada das \u00e1reas de autoatendimento e biombos nos caixas. Abertura e fechamento remoto das ag\u00eancias, fim da guarda das chaves por funcion\u00e1rios. <\/p>\n<p>Igualdade de oportunidades: fim \u00e0s discrimina\u00e7\u00f5es nos sal\u00e1rios e na ascens\u00e3o profissional de mulheres, negros, gays, l\u00e9sbicas, transexuais e pessoas com defici\u00eancia (PCDs).<\/p>\n<p>Resultado das assembleias (atualizado)<br \/>Conforme informa\u00e7\u00f5es j\u00e1 enviadas para a Contraf-CUT at\u00e9 as 10h50 desta sexta-feira (02), a greve foi aprovada nas assembleias dos sindicatos de:<br \/>ABC (SP)<br \/>Acre (AC)<br \/>Alagoas (AL)<br \/>Alegrete (RS)<br \/>Amap\u00e1 (AP)<br \/>Angra dos Reis (RJ)<br \/>Apucarana (PR)<br \/>Ararangu\u00e1 (SC)<br \/>Arapoti (PR)<br \/>Bahia (BA)<br \/>Barra dos Gar\u00e7as (MT)<br \/>Barretos (SP)<br \/>Belo Horizonte (MG)<br \/>Blumenau (SC) <br \/>Bragan\u00e7a Paulista (SP)<br \/>Bras\u00edlia (DF) <br \/>Campina Grande (PB)<br \/>Campinas (SP)<br \/>Campo Grande (MS)<br \/>Campo Mour\u00e3o (PR)<br \/>Campos de Goytacazes (RJ)<br \/>Carazinho (RS)<br \/>Cariri (CE)<br \/>Caxias do Sul (RS) <br \/>Catanduva (SP)<br \/>Cear\u00e1 (CE)<br \/>Chapec\u00f3 (SC)<br \/>Conc\u00f3rdia (SC)<br \/>Corn\u00e9lio Proc\u00f3pio (PR)<br \/>Crici\u00fama (SC)<br \/>Curitiba (PR)<br \/>Dourados (MS)<br \/>Extremo Sul da Bahia (BA)<br \/>Feira de Santana (BA)<br \/>Florian\u00f3polis (SC)<br \/>Guarapuava (PR)<br \/>Guarulhos (SP)<br \/>Ipatinga (MG)<br \/>Itabuna (BA)<br \/>Itaperuna (RJ)<br \/>Irec\u00ea (BA)<br \/>Joa\u00e7aba (SC)<br \/>Juazeiro (BA)<br \/>Jundia\u00ed (SP)<br \/>Limeira (SP)<br \/>Londrina (PR)<br \/>Maca\u00e9 (RJ)<br \/>Maranh\u00e3o (MA)<br \/>Mato Grosso (MT)<br \/>Mogi das Cruzes (SP)<br \/>Navira\u00ed (MS)<br \/>Niter\u00f3i RJ<br \/>Nova Friburgo (RJ)<br \/>Para\u00edba (PB)<br \/>Par\u00e1 (PA)<br \/>Paranava\u00ed (PR)<br \/>Passo Fundo (RS)<br \/>Pernambuco (PE)<br \/>Petr\u00f3polis (RJ)<br \/>Piau\u00ed (PI)<br \/>Piracicaba (SP)<br \/>Ponta Grossa (PR)<br \/>Porto Alegre (RS)<br \/>Rio de Janeiro <br \/>Rio Grande do Norte (RN)<br \/>Rond\u00f4nia (RO)<br \/>Rondon\u00f3polis (MT)<br \/>Roraima (RR) <br \/>Santa Cruz do Sul (RS) <br \/>Santa Maria (RS)<br \/>S\u00e3o Miguel do Oeste (SC)<br \/>Santa Rosa (RS) <br \/>S\u00e3o Borja (RS)<br \/>S\u00e3o Paulo (SP)<br \/>Sergipe (SE)<br \/>Taubat\u00e9 (SP)<br \/>Te\u00f3filo Otoni (MG)<br \/>Teres\u00f3polis (RJ)<br \/>Toledo (PR)<br \/>Tr\u00eas Rios (RJ)<br \/>Umurama (PR)<br \/>Vale do Paranhana (RS) <br \/>Vale do Ribeira (SP)<br \/>Vacaria (RS)<br \/>Videira (SC )<br \/>Vit\u00f3ria da Conquista (BA)<br \/>Zona da Mata e Sul de Minas (MG) <br \/>Sintraf-RIDE (DF)<\/p>\n<p>Fonte: Contraf-CUT<\/p>\n","protected":false},"excerpt":{"rendered":"<p>Greve a partir da pr\u00f3xima ter\u00e7a-feira (6). Essa foi a resposta que os banc\u00e1rios de todo o Brasil decidiram dar para a proposta desrespeitosa apresentada pela Federa\u00e7\u00e3o Nacional dos Bancos (Fenaban), na \u00faltima sexta-feira (25). A categoria ainda far\u00e1 novas assembleias na pr\u00f3xima segunda-feira (5), para organizar o movimento. O Comando Nacional dos Banc\u00e1rios, coordenado [&hellip;]<\/p>\n","protected":false},"author":1,"featured_media":2397,"comment_status":"","ping_status":"","sticky":false,"template":"","format":"standard","meta":{"footnotes":""},"categories":[3],"tags":[],"class_list":["post-2398","post","type-post","status-publish","format-standard","has-post-thumbnail","hentry","category-noticias"],"_links":{"self":[{"href":"https:\/\/hostnetart.com.br\/baixada\/wp-json\/wp\/v2\/posts\/2398","targetHints":{"allow":["GET"]}}],"collection":[{"href":"https:\/\/hostnetart.com.br\/baixada\/wp-json\/wp\/v2\/posts"}],"about":[{"href":"https:\/\/hostnetart.com.br\/baixada\/wp-json\/wp\/v2\/types\/post"}],"author":[{"embeddable":true,"href":"https:\/\/hostnetart.com.br\/baixada\/wp-json\/wp\/v2\/users\/1"}],"replies":[{"embeddable":true,"href":"https:\/\/hostnetart.com.br\/baixada\/wp-json\/wp\/v2\/comments?post=2398"}],"version-history":[{"count":0,"href":"https:\/\/hostnetart.com.br\/baixada\/wp-json\/wp\/v2\/posts\/2398\/revisions"}],"wp:featuredmedia":[{"embeddable":true,"href":"https:\/\/hostnetart.com.br\/baixada\/wp-json\/wp\/v2\/media\/2397"}],"wp:attachment":[{"href":"https:\/\/hostnetart.com.br\/baixada\/wp-json\/wp\/v2\/media?parent=2398"}],"wp:term":[{"taxonomy":"category","embeddable":true,"href":"https:\/\/hostnetart.com.br\/baixada\/wp-json\/wp\/v2\/categories?post=2398"},{"taxonomy":"post_tag","embeddable":true,"href":"https:\/\/hostnetart.com.br\/baixada\/wp-json\/wp\/v2\/tags?post=2398"}],"curies":[{"name":"wp","href":"https:\/\/api.w.org\/{rel}","templated":true}]}}