{"id":2395,"date":"2015-09-30T00:00:00","date_gmt":"2015-09-30T03:00:00","guid":{"rendered":"https:\/\/hostnetart.com.br\/baixada\/banco-do-brasil-fala-sobre-dialogo-mas-nao-marca-negociacao\/"},"modified":"2015-09-30T00:00:00","modified_gmt":"2015-09-30T03:00:00","slug":"banco-do-brasil-fala-sobre-dialogo-mas-nao-marca-negociacao","status":"publish","type":"post","link":"https:\/\/hostnetart.com.br\/baixada\/banco-do-brasil-fala-sobre-dialogo-mas-nao-marca-negociacao\/","title":{"rendered":"Banco do Brasil fala sobre di\u00e1logo, mas n\u00e3o marca negocia\u00e7\u00e3o"},"content":{"rendered":"<p>O Banco do Brasil divulgou nesta ter\u00e7a-feira, 29, um Boletim Pessoal sobre a Campanha Nacional dos Banc\u00e1rios. O banco fala sobre o processo negocial e cita os poucos avan\u00e7os at\u00e9 agora na mesa de negocia\u00e7\u00e3o espec\u00edfica e reafirma a proposta apresentada na mesa da Fenaban. <\/p>\n<p>No seu boletim, o BB tamb\u00e9m discorre sobre a import\u00e2ncia do banco para a sociedade e a destina\u00e7\u00e3o do lucro e, ainda, se apresenta aberto ao di\u00e1logo e negocia\u00e7\u00e3o. <\/p>\n<p>O que o banco n\u00e3o diz \u00e9 que o lucro do BB foi conseguido \u00e0s custas dos trabalhadores, com metas abusivas que causam adoecimento, com muita press\u00e3o, ass\u00e9dio e amea\u00e7as, muitas vezes institucionalizadas.<\/p>\n<p>O Banco tamb\u00e9m se esquece de mencionar que o Comando Nacional entregou a minuta espec\u00edfica dos funcion\u00e1rios do BB no dia 11 de agosto e tamb\u00e9m que desde a negocia\u00e7\u00e3o, realizada no dia 18 de setembro, a Comiss\u00e3o de Empresa dos Funcion\u00e1rios do BB, que assessora o Comando Nacional, vem solicitando uma mesa para apresenta\u00e7\u00e3o de propostas espec\u00edficas. No dia 24\/09 foi enviado of\u00edcio ao BB cobrando negocia\u00e7\u00e3o. <\/p>\n<p>Para Wagner Nascimento, coordenador da Comiss\u00e3o de Empresa dos Funcion\u00e1rios do BB, o banco fala de lucro e destina\u00e7\u00e3o, mas se esquece dos funcion\u00e1rios, que produziram este lucro. \u201cO BB fala em di\u00e1logo, mas se recusa a fazer uma mesa de negocia\u00e7\u00e3o para apresenta\u00e7\u00e3o de proposta\u201d critica. <\/p>\n<p>\u201cPodemos afirmar com toda certeza que a representa\u00e7\u00e3o dos trabalhadores est\u00e1 aberta ao di\u00e1logo e, por isso, continuamos aguardando o retorno do BB \u00e0 nossa solicita\u00e7\u00e3o de negocia\u00e7\u00e3o. Vamos \u00e0s assembleias dar uma resposta clara \u00e0 nossa indigna\u00e7\u00e3o pela proposta apresentada. E a resposta neste momento s\u00f3 tem uma palavra: GREVE!\u201d, destaca.<\/p>\n","protected":false},"excerpt":{"rendered":"<p>O Banco do Brasil divulgou nesta ter\u00e7a-feira, 29, um Boletim Pessoal sobre a Campanha Nacional dos Banc\u00e1rios. O banco fala sobre o processo negocial e cita os poucos avan\u00e7os at\u00e9 agora na mesa de negocia\u00e7\u00e3o espec\u00edfica e reafirma a proposta apresentada na mesa da Fenaban. No seu boletim, o BB tamb\u00e9m discorre sobre a import\u00e2ncia [&hellip;]<\/p>\n","protected":false},"author":1,"featured_media":0,"comment_status":"","ping_status":"","sticky":false,"template":"","format":"standard","meta":{"footnotes":""},"categories":[3],"tags":[],"class_list":["post-2395","post","type-post","status-publish","format-standard","hentry","category-noticias"],"_links":{"self":[{"href":"https:\/\/hostnetart.com.br\/baixada\/wp-json\/wp\/v2\/posts\/2395","targetHints":{"allow":["GET"]}}],"collection":[{"href":"https:\/\/hostnetart.com.br\/baixada\/wp-json\/wp\/v2\/posts"}],"about":[{"href":"https:\/\/hostnetart.com.br\/baixada\/wp-json\/wp\/v2\/types\/post"}],"author":[{"embeddable":true,"href":"https:\/\/hostnetart.com.br\/baixada\/wp-json\/wp\/v2\/users\/1"}],"replies":[{"embeddable":true,"href":"https:\/\/hostnetart.com.br\/baixada\/wp-json\/wp\/v2\/comments?post=2395"}],"version-history":[{"count":0,"href":"https:\/\/hostnetart.com.br\/baixada\/wp-json\/wp\/v2\/posts\/2395\/revisions"}],"wp:attachment":[{"href":"https:\/\/hostnetart.com.br\/baixada\/wp-json\/wp\/v2\/media?parent=2395"}],"wp:term":[{"taxonomy":"category","embeddable":true,"href":"https:\/\/hostnetart.com.br\/baixada\/wp-json\/wp\/v2\/categories?post=2395"},{"taxonomy":"post_tag","embeddable":true,"href":"https:\/\/hostnetart.com.br\/baixada\/wp-json\/wp\/v2\/tags?post=2395"}],"curies":[{"name":"wp","href":"https:\/\/api.w.org\/{rel}","templated":true}]}}