{"id":2390,"date":"2015-09-28T00:00:00","date_gmt":"2015-09-28T03:00:00","guid":{"rendered":"https:\/\/hostnetart.com.br\/baixada\/comando-nacional-dos-bancarios-cobra-nova-rodada-de-negociacao-com-a-caixa\/"},"modified":"2015-09-28T00:00:00","modified_gmt":"2015-09-28T03:00:00","slug":"comando-nacional-dos-bancarios-cobra-nova-rodada-de-negociacao-com-a-caixa","status":"publish","type":"post","link":"https:\/\/hostnetart.com.br\/baixada\/comando-nacional-dos-bancarios-cobra-nova-rodada-de-negociacao-com-a-caixa\/","title":{"rendered":"Comando Nacional dos Banc\u00e1rios cobra nova rodada de negocia\u00e7\u00e3o com a Caixa"},"content":{"rendered":"<p>O Comando Nacional dos Banc\u00e1rios, assessorado pela Comiss\u00e3o Executiva dos Empregados (CEE) da Caixa, enviou of\u00edcio \u00e0 Caixa Econ\u00f4mica Federal, nesta quinta-feira (24), para cobrar que o banco se posicione sobre \u00e0 realiza\u00e7\u00e3o de uma nova negocia\u00e7\u00e3o espec\u00edfica nesta sexta-feira (25). A proposta dos representantes dos trabalhadores \u00e9 de que a reuni\u00e3o ocorra em S\u00e3o Paulo (SP), logo ap\u00f3s a quinta rodada de negocia\u00e7\u00e3o entre o Comando e a Fenaban.<\/p>\n<p>\u201cA Caixa se mant\u00e9m em sil\u00eancio, apesar da solicita\u00e7\u00e3o que fizemos e de ser normal e pr\u00e1tico que haja a negocia\u00e7\u00e3o espec\u00edfica ap\u00f3s os debates na mesa \u00fanica\u201d, disse Fabiana Matheus, coordenadora da CEE da Caixa. Ela ainda acrescentou. \u201cN\u00e3o houve avan\u00e7o em nenhuma das reuni\u00f5es com os representantes da Caixa e nada significativo nas tratativas com os outros bancos. Essa postura intransigente, se for mantida, vai empurrar a categoria para a greve.\u201d<\/p>\n<p>Segundo Roberto von der Osten, presidente da Contraf-CUT e um dos coordenadores do Comando Nacional dos Banc\u00e1rios, a disposi\u00e7\u00e3o dos trabalhadores \u00e9 lutar, com unidade e for\u00e7a, pelos necess\u00e1rios avan\u00e7os. \u201cQueremos que as institui\u00e7\u00f5es financeiras apresentem propostas que reconhe\u00e7am e valorizem o esfor\u00e7o di\u00e1rios dos banc\u00e1rios. Apenas no ano passado, os cinco maiores bancos lucram mais de R$ 60 bilh\u00f5es. Ou seja, h\u00e1 condi\u00e7\u00f5es financeiras para atender nossas reivindica\u00e7\u00f5es\u201d, afirmou.<\/p>\n<p>Para Fabiana Uehara Proscholdt, secret\u00e1ria da Juventude da Contraf-CUT, a mobiliza\u00e7\u00e3o dos trabalhadores \u00e9 fundamental. \u201cEst\u00e1 na hora da categoria mostrar a sua for\u00e7a e exigir mais respeitos dos banqueiros. Juntos atingiremos nossos objetivos\u201d, refor\u00e7ou.<\/p>\n<p>Reivindica\u00e7\u00f5es dos banc\u00e1rios<br \/>A pauta geral da categoria banc\u00e1ria tem como pontos centrais o reajuste de 16%, valoriza\u00e7\u00e3o do piso salarial no valor do sal\u00e1rio m\u00ednimo calculado pelo Dieese (R$ 3.299,66 em junho), PLR de tr\u00eas sal\u00e1rios mais R$ 7.246,82, defesa do emprego, combate \u00e0s metas abusivas e ao ass\u00e9dio moral, melhores condi\u00e7\u00f5es de trabalho, fim da terceiriza\u00e7\u00e3o e vales-alimenta\u00e7\u00e3o e refei\u00e7\u00e3o maiores.<\/p>\n<p>J\u00e1 entre os itens espec\u00edficos da Caixa, destacam-se: contrata\u00e7\u00e3o de mais empregados; fim do GDP; combate ao ass\u00e9dio moral; fim das metas abusivas; garantia do Sa\u00fade Caixa na aposentadoria, inclusive os que sa\u00edram pelo PADV; fim do voto de Minerva na Funcef; imediata incorpora\u00e7\u00e3o do REB ao Novo Plano; fim da restri\u00e7\u00e3o de dota\u00e7\u00e3o or\u00e7ament\u00e1ria para horas extras; e extens\u00e3o da licen\u00e7a-pr\u00eamio e do anu\u00eanio para todos os admitidos a partir de 1998. <\/p>\n<p>Fonte: Fenae<\/p>\n","protected":false},"excerpt":{"rendered":"<p>O Comando Nacional dos Banc\u00e1rios, assessorado pela Comiss\u00e3o Executiva dos Empregados (CEE) da Caixa, enviou of\u00edcio \u00e0 Caixa Econ\u00f4mica Federal, nesta quinta-feira (24), para cobrar que o banco se posicione sobre \u00e0 realiza\u00e7\u00e3o de uma nova negocia\u00e7\u00e3o espec\u00edfica nesta sexta-feira (25). A proposta dos representantes dos trabalhadores \u00e9 de que a reuni\u00e3o ocorra em S\u00e3o [&hellip;]<\/p>\n","protected":false},"author":1,"featured_media":0,"comment_status":"","ping_status":"","sticky":false,"template":"","format":"standard","meta":{"footnotes":""},"categories":[3],"tags":[],"class_list":["post-2390","post","type-post","status-publish","format-standard","hentry","category-noticias"],"_links":{"self":[{"href":"https:\/\/hostnetart.com.br\/baixada\/wp-json\/wp\/v2\/posts\/2390","targetHints":{"allow":["GET"]}}],"collection":[{"href":"https:\/\/hostnetart.com.br\/baixada\/wp-json\/wp\/v2\/posts"}],"about":[{"href":"https:\/\/hostnetart.com.br\/baixada\/wp-json\/wp\/v2\/types\/post"}],"author":[{"embeddable":true,"href":"https:\/\/hostnetart.com.br\/baixada\/wp-json\/wp\/v2\/users\/1"}],"replies":[{"embeddable":true,"href":"https:\/\/hostnetart.com.br\/baixada\/wp-json\/wp\/v2\/comments?post=2390"}],"version-history":[{"count":0,"href":"https:\/\/hostnetart.com.br\/baixada\/wp-json\/wp\/v2\/posts\/2390\/revisions"}],"wp:attachment":[{"href":"https:\/\/hostnetart.com.br\/baixada\/wp-json\/wp\/v2\/media?parent=2390"}],"wp:term":[{"taxonomy":"category","embeddable":true,"href":"https:\/\/hostnetart.com.br\/baixada\/wp-json\/wp\/v2\/categories?post=2390"},{"taxonomy":"post_tag","embeddable":true,"href":"https:\/\/hostnetart.com.br\/baixada\/wp-json\/wp\/v2\/tags?post=2390"}],"curies":[{"name":"wp","href":"https:\/\/api.w.org\/{rel}","templated":true}]}}