{"id":2389,"date":"2015-09-28T00:00:00","date_gmt":"2015-09-28T03:00:00","guid":{"rendered":"https:\/\/hostnetart.com.br\/baixada\/comando-nacional-dos-bancarios-cobra-respostas-as-reivindicacoes-do-bb\/"},"modified":"2015-09-28T00:00:00","modified_gmt":"2015-09-28T03:00:00","slug":"comando-nacional-dos-bancarios-cobra-respostas-as-reivindicacoes-do-bb","status":"publish","type":"post","link":"https:\/\/hostnetart.com.br\/baixada\/comando-nacional-dos-bancarios-cobra-respostas-as-reivindicacoes-do-bb\/","title":{"rendered":"Comando Nacional dos Banc\u00e1rios cobra respostas \u00e0s reivindica\u00e7\u00f5es do BB"},"content":{"rendered":"<p><span style=\"color: #464646;\">O Comando Nacional dos Banc\u00e1rios enviou ao Banco do Brasil, na quinta feira (24), um of\u00edcio solicitando imediata reuni\u00e3o para apresenta\u00e7\u00e3o de proposta da pauta espec\u00edfica dos funcion\u00e1rios do banco p\u00fablico.<\/span><br style=\"color: #464646;\" \/><br style=\"color: #464646;\" \/><span style=\"color: #464646;\">Depois de cinco rodadas de negocia\u00e7\u00e3o e com a apresenta\u00e7\u00e3o da proposta da Fenaban, a categoria esperava que o Banco do Brasil apresentasse proposta complementar \u00e0 proposta geral da categoria banc\u00e1ria. Mas, at\u00e9 agora, nenhuma reuni\u00e3o foi marcada.<\/span><br style=\"color: #464646;\" \/><br style=\"color: #464646;\" \/><span style=\"color: #464646;\">Para Wagner Nascimento, coordenador da Comiss\u00e3o de Empresa dos Funcion\u00e1rios do BB, \u00e9 extremamente necess\u00e1ria uma reuni\u00e3o com o Banco ap\u00f3s a rodada com a Fenaban, a qual o Banco do Brasil participa. \u201cTemos uma pauta de reivindica\u00e7\u00f5es espec\u00edficas que foi negociada sem resposta alguma do BB. Os funcion\u00e1rios querem respostas \u00e0s contrata\u00e7\u00f5es, melhorias na carreira, nas condi\u00e7\u00f5es de trabalho e andamento nas negocia\u00e7\u00f5es da Cassi\u201d, cobrou.\u00a0<\/span><br style=\"color: #464646;\" \/><br style=\"color: #464646;\" \/><span style=\"color: #464646;\">Fonte: Contraf-CUT<\/span><\/p>\n","protected":false},"excerpt":{"rendered":"<p>O Comando Nacional dos Banc\u00e1rios enviou ao Banco do Brasil, na quinta feira (24), um of\u00edcio solicitando imediata reuni\u00e3o para apresenta\u00e7\u00e3o de proposta da pauta espec\u00edfica dos funcion\u00e1rios do banco p\u00fablico.Depois de cinco rodadas de negocia\u00e7\u00e3o e com a apresenta\u00e7\u00e3o da proposta da Fenaban, a categoria esperava que o Banco do Brasil apresentasse proposta complementar [&hellip;]<\/p>\n","protected":false},"author":1,"featured_media":0,"comment_status":"","ping_status":"","sticky":false,"template":"","format":"standard","meta":{"footnotes":""},"categories":[3],"tags":[],"class_list":["post-2389","post","type-post","status-publish","format-standard","hentry","category-noticias"],"_links":{"self":[{"href":"https:\/\/hostnetart.com.br\/baixada\/wp-json\/wp\/v2\/posts\/2389","targetHints":{"allow":["GET"]}}],"collection":[{"href":"https:\/\/hostnetart.com.br\/baixada\/wp-json\/wp\/v2\/posts"}],"about":[{"href":"https:\/\/hostnetart.com.br\/baixada\/wp-json\/wp\/v2\/types\/post"}],"author":[{"embeddable":true,"href":"https:\/\/hostnetart.com.br\/baixada\/wp-json\/wp\/v2\/users\/1"}],"replies":[{"embeddable":true,"href":"https:\/\/hostnetart.com.br\/baixada\/wp-json\/wp\/v2\/comments?post=2389"}],"version-history":[{"count":0,"href":"https:\/\/hostnetart.com.br\/baixada\/wp-json\/wp\/v2\/posts\/2389\/revisions"}],"wp:attachment":[{"href":"https:\/\/hostnetart.com.br\/baixada\/wp-json\/wp\/v2\/media?parent=2389"}],"wp:term":[{"taxonomy":"category","embeddable":true,"href":"https:\/\/hostnetart.com.br\/baixada\/wp-json\/wp\/v2\/categories?post=2389"},{"taxonomy":"post_tag","embeddable":true,"href":"https:\/\/hostnetart.com.br\/baixada\/wp-json\/wp\/v2\/tags?post=2389"}],"curies":[{"name":"wp","href":"https:\/\/api.w.org\/{rel}","templated":true}]}}