{"id":2388,"date":"2015-09-28T00:00:00","date_gmt":"2015-09-28T03:00:00","guid":{"rendered":"https:\/\/hostnetart.com.br\/baixada\/fenaban-propoe-reajuste-de-5-5-comando-orienta-rejeicao-e-greve-dia-6\/"},"modified":"2015-09-28T00:00:00","modified_gmt":"2015-09-28T03:00:00","slug":"fenaban-propoe-reajuste-de-5-5-comando-orienta-rejeicao-e-greve-dia-6","status":"publish","type":"post","link":"https:\/\/hostnetart.com.br\/baixada\/fenaban-propoe-reajuste-de-5-5-comando-orienta-rejeicao-e-greve-dia-6\/","title":{"rendered":"Fenaban prop\u00f5e reajuste de 5,5%. Comando orienta rejei\u00e7\u00e3o e greve dia 6"},"content":{"rendered":"<p>A Fenaban n\u00e3o s\u00f3 frustrou, como agiu de forma desrespeitosa com os banc\u00e1rios, ao apresentar uma proposta para a categoria, com um reajuste de 5,5% no sal\u00e1rio, tamb\u00e9m na PLR e nos aux\u00edlios refei\u00e7\u00e3o, alimenta\u00e7\u00e3o, creche e abono de R$ 2.500,00, durante a rodada de negocia\u00e7\u00e3o desta sexta-feira (25), em S\u00e3o Paulo. O reajuste est\u00e1 muito abaixo da infla\u00e7\u00e3o, que ficou em 9,88%, em agosto deste ano. Diante da intransig\u00eancia dos banqueiros em atender \u00e0s reivindica\u00e7\u00f5es da categoria, as quais abrangem reajuste de 16% (incluindo 5,7% de aumento real), o Comando Nacional dos Banc\u00e1rios aprovou um calend\u00e1rio de mobiliza\u00e7\u00f5es para pressionar os bancos, apontando para greve a partir de 6 de outubro, orienta\u00e7\u00e3o que ser\u00e1 deliberada em assembleias dos trabalhadores nos dias 1\u00b0 e 5 de outubro em todo o Pa\u00eds. \u201cA Fenaban est\u00e1 jogando os banc\u00e1rios para a greve\u201d, afirmou Roberto Von der Osten, presidente da Contraf-CUT e um dos coordenadores do Comando Nacional dos Banc\u00e1rios. \u201cEssa proposta rebaixada vem justamente do setor que lucrou R$ 36,3 bilh\u00f5es somente no primeiro semestre deste ano. Com um crescimento de 27,3% em rela\u00e7\u00e3o ao mesmo per\u00edodo do ano passado. Setores que est\u00e3o em crise, com retra\u00e7\u00e3o de produ\u00e7\u00e3o e vendas, fizeram propostas melhores. Ent\u00e3o, s\u00f3 podemos dizer, que \u00e9 uma irresponsabilidade dos bancos\u201d, completou. \u201cEssa proposta, a pior dos \u00faltimos anos, \u00e9 um total desrespeito \u00e0 categoria e orientamos sua rejei\u00e7\u00e3o nas assembleias que acontecer\u00e3o em 1\u00ba de outubro, em todo o Brasil, com indicativo de greve a partir do dia 6\u2033, disse a vice-presidenta da Contraf-CUT, Juvandia Moreira. \u201cE o desrespeito n\u00e3o \u00e9 s\u00f3 com os banc\u00e1rios, mas com toda a sociedade, j\u00e1 que o setor vai levar os trabalhadores a uma paralisa\u00e7\u00e3o nacional, mesmo estando em pleno ganho\u201d, critica a dirigente que tamb\u00e9m \u00e9 uma das coordenadoras do Comando Nacional dos Banc\u00e1rios.<\/p>\n<p>\u00a0<\/p>\n<p>Proposta dos bancos<\/p>\n<p>\u00a0<\/p>\n<p>Reajuste de 5,5% (representa perda de 4% para os banc\u00e1rios em rela\u00e7\u00e3o \u00e0 infla\u00e7\u00e3o de 9,88%).<\/p>\n<p>Piso portaria ap\u00f3s 90 dias \u2013 R$ 1.321,26.<\/p>\n<p>Piso escrit\u00f3rio ap\u00f3s 90 dias \u2013 R$ 1.895,25.<\/p>\n<p>Piso caixa\/tesouraria ap\u00f3s 90 dias \u2013 R$ 2.560,23 (sal\u00e1rio mais gratifica\u00e7\u00e3o, mais outras verbas de caixa).<\/p>\n<p>PLR regra b\u00e1sica \u2013 90% do sal\u00e1rio mais R$ 1.939,08, limitado a R$ 10.402,22. Se o total ficar abaixo de 5% do lucro l\u00edquido, salta para 2,2 sal\u00e1rios, com teto de R$ 22.884,87.<\/p>\n<p>PLR parcela adicional \u2013 2,2% do lucro l\u00edquido dividido linearmente para todos, limitado a R$ 3.878,16.<\/p>\n<p>Antecipa\u00e7\u00e3o da PLR<\/p>\n<p>Primeira parcela depositada at\u00e9 dez dias ap\u00f3s assinatura da Conven\u00e7\u00e3o Coletiva. Pagamento final at\u00e9 01\/03\/2016.<\/p>\n<p>Regra b\u00e1sica \u2013 54% do sal\u00e1rio mais fixo de R$ 1.163,44, limitado a R$ 6.241,33 e ao teto de 12,8% do lucro l\u00edquido \u2013 o que ocorrer primeiro.<\/p>\n<p>Parcela adicional \u2013 2,2% do lucro l\u00edquido do primeiro semestre de 2015, limitado a R$ 1.939,08.<\/p>\n<p>Aux\u00edlio-refei\u00e7\u00e3o \u2013 R$ 27,43.<\/p>\n<p>Aux\u00edlio-cesta alimenta\u00e7\u00e3o e 13\u00aa cesta \u2013 R$ 454,87.<\/p>\n<p>Aux\u00edlio-creche\/bab\u00e1 (filhos at\u00e9 71 meses) \u2013 R$ 378,56.<\/p>\n<p>Aux\u00edlio-creche\/bab\u00e1 (filhos at\u00e9 83 meses) \u2013 R$ 323,84.<\/p>\n<p>Gratifica\u00e7\u00e3o de compensador de cheques \u2013 R$ 147,11.<\/p>\n<p>Requalifica\u00e7\u00e3o profissional \u2013 R$ 1.294,49.<\/p>\n<p>Aux\u00edlio-funeral \u2013 R$ 868,58.<\/p>\n<p>Indeniza\u00e7\u00e3o por morte ou incapacidade decorrente de assalto \u2013 R$ 129.522,56<\/p>\n<p>Ajuda deslocamento noturno \u2013 R$ 90,67.<\/p>\n<p>As reivindica\u00e7\u00f5es da categoria, apresentadas pelo Comando Nacional dos Banc\u00e1rios, s\u00e3o muito diferentes da proposta dos bancos. Confira :<\/p>\n<p>Reajuste salarial de 16%. (incluindo reposi\u00e7\u00e3o da infla\u00e7\u00e3o mais 5,7% de aumento real)<\/p>\n<p>PLR: 3 sal\u00e1rios mais R$7.246,82<\/p>\n<p>Piso: R$3.299,66 (equivalente ao sal\u00e1rio m\u00ednimo do Dieese em valores de junho \u00faltimo).<\/p>\n<p>Vales alimenta\u00e7\u00e3o, refei\u00e7\u00e3o, 13\u00aa cesta e aux\u00edlio-creche\/bab\u00e1: R$788,00 ao m\u00eas para cada (sal\u00e1rio m\u00ednimo nacional).<\/p>\n<p>Melhores condi\u00e7\u00f5es de trabalho com o fim das metas abusivas e do ass\u00e9dio moral que adoecem os banc\u00e1rios.<\/p>\n<p>Emprego: fim das demiss\u00f5es, mais contrata\u00e7\u00f5es, fim da rotatividade e combate \u00e0s terceiriza\u00e7\u00f5es diante dos riscos de aprova\u00e7\u00e3o do PLC 30\/15 no Senado Federal, al\u00e9m da ratifica\u00e7\u00e3o da Conven\u00e7\u00e3o 158 da OIT, que co\u00edbe dispensas imotivadas.<\/p>\n<p>Plano de Cargos, Carreiras e Sal\u00e1rios (PCCS) para todos os banc\u00e1rios.<\/p>\n<p>Aux\u00edlio-educa\u00e7\u00e3o: pagamento para gradua\u00e7\u00e3o e p\u00f3s.<\/p>\n<p>Preven\u00e7\u00e3o contra assaltos e sequestros: perman\u00eancia de dois vigilantes por andar nas ag\u00eancias e pontos de servi\u00e7os banc\u00e1rios, conforme legisla\u00e7\u00e3o. Instala\u00e7\u00e3o de portas girat\u00f3rias com detector de metais na entrada das \u00e1reas de autoatendimento e biombos nos caixas. Abertura e fechamento remoto das ag\u00eancias, fim da guarda das chaves por funcion\u00e1rios.<\/p>\n<p>Igualdade de oportunidades: fim \u00e0s discrimina\u00e7\u00f5es nos sal\u00e1rios e na ascens\u00e3o profissional de mulheres, negros, gays, l\u00e9sbicas, transexuais e pessoas com defici\u00eancia (PCDs).<\/p>\n<p>O Comando Nacional protestou veemente contra esta mudan\u00e7a de desenho de campanha salarial apresentada pelos bancos, afirmou o presidente da Contraf-CUT.<\/p>\n<p>\u201cFica claro que os bancos querem abandonar o ciclo de valoriza\u00e7\u00e3o do trabalho banc\u00e1rio, que acumulava onze anos de ganho real. E pretendem fazer esta mudan\u00e7a sem que tenha acontecido nenhuma redu\u00e7\u00e3o dos seus lucros ou crise no setor. Isso \u00e9 incompreens\u00edvel para os trabalhadores que at\u00e9 adoecem para cumprir metas e produzir lucros fabulosos para os bancos. E a nossa resposta indignada vai ser dura\u201d, finalizou Roberto von der Osten.<\/p>\n<p>\u00a0<\/p>\n<p>Fonte: Contraf-CUT<\/p>\n","protected":false},"excerpt":{"rendered":"<p>A Fenaban n\u00e3o s\u00f3 frustrou, como agiu de forma desrespeitosa com os banc\u00e1rios, ao apresentar uma proposta para a categoria, com um reajuste de 5,5% no sal\u00e1rio, tamb\u00e9m na PLR e nos aux\u00edlios refei\u00e7\u00e3o, alimenta\u00e7\u00e3o, creche e abono de R$ 2.500,00, durante a rodada de negocia\u00e7\u00e3o desta sexta-feira (25), em S\u00e3o Paulo. O reajuste est\u00e1 [&hellip;]<\/p>\n","protected":false},"author":1,"featured_media":2387,"comment_status":"","ping_status":"","sticky":false,"template":"","format":"standard","meta":{"footnotes":""},"categories":[3],"tags":[],"class_list":["post-2388","post","type-post","status-publish","format-standard","has-post-thumbnail","hentry","category-noticias"],"_links":{"self":[{"href":"https:\/\/hostnetart.com.br\/baixada\/wp-json\/wp\/v2\/posts\/2388","targetHints":{"allow":["GET"]}}],"collection":[{"href":"https:\/\/hostnetart.com.br\/baixada\/wp-json\/wp\/v2\/posts"}],"about":[{"href":"https:\/\/hostnetart.com.br\/baixada\/wp-json\/wp\/v2\/types\/post"}],"author":[{"embeddable":true,"href":"https:\/\/hostnetart.com.br\/baixada\/wp-json\/wp\/v2\/users\/1"}],"replies":[{"embeddable":true,"href":"https:\/\/hostnetart.com.br\/baixada\/wp-json\/wp\/v2\/comments?post=2388"}],"version-history":[{"count":0,"href":"https:\/\/hostnetart.com.br\/baixada\/wp-json\/wp\/v2\/posts\/2388\/revisions"}],"wp:featuredmedia":[{"embeddable":true,"href":"https:\/\/hostnetart.com.br\/baixada\/wp-json\/wp\/v2\/media\/2387"}],"wp:attachment":[{"href":"https:\/\/hostnetart.com.br\/baixada\/wp-json\/wp\/v2\/media?parent=2388"}],"wp:term":[{"taxonomy":"category","embeddable":true,"href":"https:\/\/hostnetart.com.br\/baixada\/wp-json\/wp\/v2\/categories?post=2388"},{"taxonomy":"post_tag","embeddable":true,"href":"https:\/\/hostnetart.com.br\/baixada\/wp-json\/wp\/v2\/tags?post=2388"}],"curies":[{"name":"wp","href":"https:\/\/api.w.org\/{rel}","templated":true}]}}