{"id":2386,"date":"2015-09-28T00:00:00","date_gmt":"2015-09-28T03:00:00","guid":{"rendered":"https:\/\/hostnetart.com.br\/baixada\/edital-assembleia-geral-extraordinaria-5\/"},"modified":"2015-09-28T00:00:00","modified_gmt":"2015-09-28T03:00:00","slug":"edital-assembleia-geral-extraordinaria-5","status":"publish","type":"post","link":"https:\/\/hostnetart.com.br\/baixada\/edital-assembleia-geral-extraordinaria-5\/","title":{"rendered":"EDITAL ASSEMBLEIA GERAL EXTRAORDIN\u00c1RIA"},"content":{"rendered":"<p>Sindicato dos Empregados em Estabelecimentos Banc\u00e1rios da baixada fluminense, inscrito no CNPJ\/MF sob o n\u00ba 28750016000130, Registro sindical n\u00ba 117878260 por seus coordenadores abaixo assinado, convoca todos os empregados em estabelecimentos banc\u00e1rios dos bancos p\u00fablicos e privados, s\u00f3cios e n\u00e3o s\u00f3cios, da base territorial deste sindicato, para a assembleia geral\u00a0 extraordin\u00e1ria\u00a0\u00a0 que\u00a0 se\u00a0\u00a0 realizar\u00e1 dia 01\/10\/2015, \u00e0s 18:00h, em primeira convoca\u00e7\u00e3o, e \u00e0s 18:30 h, em segunda convoca\u00e7\u00e3o, no endere\u00e7o \u00e0 Rua Professor Henrique Ferreira Gomes n\u00ba 179\u00a0 Cto Duque de Caxias \/ RJ para discuss\u00e3o e delibera\u00e7\u00e3o acerca da seguinte ordem do dia:<\/p>\n<p>\u00a0<\/p>\n<p>1. Avalia\u00e7\u00e3o e delibera\u00e7\u00e3o sobre contraproposta apresentada pela FENABAN na reuni\u00e3o de 25\/09\/2015, \u00e0 minuta de reivindica\u00e7\u00f5es entregue em 11\/08\/2015<\/p>\n<p>\u00a0<\/p>\n<p>2. Delibera\u00e7\u00e3o acerca de paralisa\u00e7\u00e3o das atividades por prazo indeterminado a partir da 00h00 do dia 06\/10\/2015<\/p>\n<p>\u00a0<\/p>\n<p>Duque de Caxias . 25 de setembro de 2015<\/p>\n<p>\u00a0<\/p>\n<p>Coordena\u00e7\u00e3o : Alcyon Vicente , Jose Laercio , Pedro Batista<\/p>\n","protected":false},"excerpt":{"rendered":"<p>Sindicato dos Empregados em Estabelecimentos Banc\u00e1rios da baixada fluminense, inscrito no CNPJ\/MF sob o n\u00ba 28750016000130, Registro sindical n\u00ba 117878260 por seus coordenadores abaixo assinado, convoca todos os empregados em estabelecimentos banc\u00e1rios dos bancos p\u00fablicos e privados, s\u00f3cios e n\u00e3o s\u00f3cios, da base territorial deste sindicato, para a assembleia geral\u00a0 extraordin\u00e1ria\u00a0\u00a0 que\u00a0 se\u00a0\u00a0 realizar\u00e1 dia [&hellip;]<\/p>\n","protected":false},"author":1,"featured_media":2385,"comment_status":"","ping_status":"","sticky":false,"template":"","format":"standard","meta":{"footnotes":""},"categories":[3],"tags":[],"class_list":["post-2386","post","type-post","status-publish","format-standard","has-post-thumbnail","hentry","category-noticias"],"_links":{"self":[{"href":"https:\/\/hostnetart.com.br\/baixada\/wp-json\/wp\/v2\/posts\/2386","targetHints":{"allow":["GET"]}}],"collection":[{"href":"https:\/\/hostnetart.com.br\/baixada\/wp-json\/wp\/v2\/posts"}],"about":[{"href":"https:\/\/hostnetart.com.br\/baixada\/wp-json\/wp\/v2\/types\/post"}],"author":[{"embeddable":true,"href":"https:\/\/hostnetart.com.br\/baixada\/wp-json\/wp\/v2\/users\/1"}],"replies":[{"embeddable":true,"href":"https:\/\/hostnetart.com.br\/baixada\/wp-json\/wp\/v2\/comments?post=2386"}],"version-history":[{"count":0,"href":"https:\/\/hostnetart.com.br\/baixada\/wp-json\/wp\/v2\/posts\/2386\/revisions"}],"wp:featuredmedia":[{"embeddable":true,"href":"https:\/\/hostnetart.com.br\/baixada\/wp-json\/wp\/v2\/media\/2385"}],"wp:attachment":[{"href":"https:\/\/hostnetart.com.br\/baixada\/wp-json\/wp\/v2\/media?parent=2386"}],"wp:term":[{"taxonomy":"category","embeddable":true,"href":"https:\/\/hostnetart.com.br\/baixada\/wp-json\/wp\/v2\/categories?post=2386"},{"taxonomy":"post_tag","embeddable":true,"href":"https:\/\/hostnetart.com.br\/baixada\/wp-json\/wp\/v2\/tags?post=2386"}],"curies":[{"name":"wp","href":"https:\/\/api.w.org\/{rel}","templated":true}]}}