{"id":2384,"date":"2015-09-24T00:00:00","date_gmt":"2015-09-24T03:00:00","guid":{"rendered":"https:\/\/hostnetart.com.br\/baixada\/bancarios-de-todo-o-brasil-fazem-paralisacoes-por-proposta-decente-dos-bancos\/"},"modified":"2015-09-24T00:00:00","modified_gmt":"2015-09-24T03:00:00","slug":"bancarios-de-todo-o-brasil-fazem-paralisacoes-por-proposta-decente-dos-bancos","status":"publish","type":"post","link":"https:\/\/hostnetart.com.br\/baixada\/bancarios-de-todo-o-brasil-fazem-paralisacoes-por-proposta-decente-dos-bancos\/","title":{"rendered":"Banc\u00e1rios de todo o Brasil fazem paralisa\u00e7\u00f5es por proposta decente dos bancos"},"content":{"rendered":"<p>Os banc\u00e1rios de todo o Pa\u00eds realizaram manifesta\u00e7\u00e3o no Dia Nacional de Luta, nesta quarta-feira (23), para pressionar os bancos a apresentarem uma proposta concreta e decente que atenda as reivindica\u00e7\u00f5es da categoria na Campanha Nacional 2015.<\/p>\n<p>O Dia Nacional de Luta foi uma delibera\u00e7\u00e3o do Comando Nacional dos Banc\u00e1rios para fortalecer a campanha, combater \u00e0s demiss\u00f5es, a rotatividade, os projetos de terceiriza\u00e7\u00e3o, as metas abusivas e o ass\u00e9dio moral, a inseguran\u00e7a e as discrimina\u00e7\u00f5es nos bancos.<\/p>\n<p>Para Roberto von der Osten, as federa\u00e7\u00f5es e os sindicatos mostraram hoje sua unidade, mobiliza\u00e7\u00e3o e disposi\u00e7\u00e3o para a luta. \u201cFoi um \u201cesquenta\u201d para ouvir a proposta que a Fenaban vai nos fazer dia 25. Mostramos que estamos preparados para o que der e vier e, se houver desrespeito para com a nossa categoria, daremos uma resposta igualmente dura, debatida em assembleias, na quais quem decide democraticamente s\u00e3o os trabalhadores\u201d, afirmou. <\/p>\n<p>\u201cVamos aguardar a responsabilidade e coer\u00eancia dos bancos: eles ganharam muito este ano e podem atender as nossas reivindica\u00e7\u00f5es\u201d, completou o presidente da Contraf-CUT.<\/p>\n<p>Na cidade de S\u00e3o Paulo, foi atrasada at\u00e9 o meio-dia a abertura de ag\u00eancias na Pra\u00e7a Silvio Romero, na zona leste, na Avenida Faria Lima, zona oeste, e no centro da capital. Na Avenida Paulista, a mobiliza\u00e7\u00e3o foi com os 700 funcion\u00e1rios e centenas de terceirizados da Superintend\u00eancia do Banco do Brasil, onde a principal preocupa\u00e7\u00e3o com a reestrutura\u00e7\u00e3o unilateral imposta pela dire\u00e7\u00e3o.<\/p>\n<p>Na regi\u00e3o do ABC, as manifesta\u00e7\u00f5es ocorreram nas ag\u00eancias do centro de Santo Andr\u00e9. J\u00e1 no interior, 19 ag\u00eancias e departamentos tiveram seu in\u00edcio do expediente atrasados, em Campinas e em Catanduva. <\/p>\n<p>No Rio de Janeiro, o Sindicato organizou caravanas para v\u00e1rios bairros da capital fluminense. A diretoria convocou a categoria a se mobilizar e pediu o apoio dos clientes, que tamb\u00e9m s\u00e3o explorados pelos banqueiros.<\/p>\n<p>A diretoria do Sindicato dos Banc\u00e1rios e Trabalhadores do Sistema Financeiro de Campos dos Goytacazes (RJ) retardou a abertura das ag\u00eancias Select do Santander, Bradesco E Ita\u00fa, localizadas no bairro Pelinca, \u00e1rea nobre do Munic\u00edpio.<\/p>\n<p>Em Minas Gerais, os diretores do Sindicato dos Banc\u00e1rios da Zona da Mata e Sul de Minas retardaram por uma hora a abertura de cinco ag\u00eancias do Ita\u00fa, no centro das cidades da regi\u00e3o.<\/p>\n<p>Na capital paranaense, o Sindicato dos Banc\u00e1rios de Curitiba fechou a ag\u00eancia do Ita\u00fa da Rua Jo\u00e3o Negr\u00e3o, no Centro. Em Londrina, o Sindicato paralisou as atividades de seis ag\u00eancias, sendo tr\u00eas do Ita\u00fa, uma do Santander, uma do Bradesco, e uma do HSBC. Em Campo Mour\u00e3o, foram duas ag\u00eancias do Ita\u00fa. Em Arapoti, a exemplo de Curitiba, fechou uma ag\u00eancia do Ita\u00fa. Em Corn\u00e9lio Proc\u00f3pio, cinco ag\u00eancias s\u00f3 iriam abrir ap\u00f3s as 12h. Em Apucarana, foram tr\u00eas Ita\u00fas e um Santander. O sindicato de Umuarama fechou tr\u00eas Ita\u00fas e o de Paranava\u00ed dois.<\/p>\n<p>Os banc\u00e1rios fizeram paralisa\u00e7\u00e3o de duas horas em v\u00e1rias ag\u00eancias de Florian\u00f3polis. Na atividade, os dirigentes voltaram a dialogar com a popula\u00e7\u00e3o sobre as m\u00e1s condi\u00e7\u00f5es de trabalho dos banc\u00e1rios e no quanto isso reflete no atendimento a clientes e usu\u00e1rios.<\/p>\n<p>As banc\u00e1rias e banc\u00e1rios de Bras\u00edlia pediram apoio da popula\u00e7\u00e3o para diminuir filas, ampliar o hor\u00e1rio de atendimento, reduzir os juros e aumentar a seguran\u00e7a nas ag\u00eancias.<\/p>\n<p>A abertura das ag\u00eancias do banco Ita\u00fa da Bar\u00e3o e da C\u00e2ndido Mariano, em Campo Grande (MS), foi retardada pelos banc\u00e1rios. J\u00e1 em Dourados, a manifesta\u00e7\u00e3o ocorreu das 07h \u00e0s 11h em frente ao Banco Ita\u00fa, ag\u00eancia Jo\u00e3o Candido C\u00e2mara.<\/p>\n<p>Os banc\u00e1rios de Mato Grosso foram para as portas das ag\u00eancias manifestar a insatisfa\u00e7\u00e3o. A categoria cobrou dos banqueiros a apresenta\u00e7\u00e3o de uma proposta decente no dia 25 de setembro, quando ter\u00e1 nova rodada de negocia\u00e7\u00e3o. <\/p>\n<p>Fonte: Contraf-CUT<\/p>\n","protected":false},"excerpt":{"rendered":"<p>Os banc\u00e1rios de todo o Pa\u00eds realizaram manifesta\u00e7\u00e3o no Dia Nacional de Luta, nesta quarta-feira (23), para pressionar os bancos a apresentarem uma proposta concreta e decente que atenda as reivindica\u00e7\u00f5es da categoria na Campanha Nacional 2015. O Dia Nacional de Luta foi uma delibera\u00e7\u00e3o do Comando Nacional dos Banc\u00e1rios para fortalecer a campanha, combater [&hellip;]<\/p>\n","protected":false},"author":1,"featured_media":0,"comment_status":"","ping_status":"","sticky":false,"template":"","format":"standard","meta":{"footnotes":""},"categories":[3],"tags":[],"class_list":["post-2384","post","type-post","status-publish","format-standard","hentry","category-noticias"],"_links":{"self":[{"href":"https:\/\/hostnetart.com.br\/baixada\/wp-json\/wp\/v2\/posts\/2384","targetHints":{"allow":["GET"]}}],"collection":[{"href":"https:\/\/hostnetart.com.br\/baixada\/wp-json\/wp\/v2\/posts"}],"about":[{"href":"https:\/\/hostnetart.com.br\/baixada\/wp-json\/wp\/v2\/types\/post"}],"author":[{"embeddable":true,"href":"https:\/\/hostnetart.com.br\/baixada\/wp-json\/wp\/v2\/users\/1"}],"replies":[{"embeddable":true,"href":"https:\/\/hostnetart.com.br\/baixada\/wp-json\/wp\/v2\/comments?post=2384"}],"version-history":[{"count":0,"href":"https:\/\/hostnetart.com.br\/baixada\/wp-json\/wp\/v2\/posts\/2384\/revisions"}],"wp:attachment":[{"href":"https:\/\/hostnetart.com.br\/baixada\/wp-json\/wp\/v2\/media?parent=2384"}],"wp:term":[{"taxonomy":"category","embeddable":true,"href":"https:\/\/hostnetart.com.br\/baixada\/wp-json\/wp\/v2\/categories?post=2384"},{"taxonomy":"post_tag","embeddable":true,"href":"https:\/\/hostnetart.com.br\/baixada\/wp-json\/wp\/v2\/tags?post=2384"}],"curies":[{"name":"wp","href":"https:\/\/api.w.org\/{rel}","templated":true}]}}