{"id":2382,"date":"2015-09-24T00:00:00","date_gmt":"2015-09-24T03:00:00","guid":{"rendered":"https:\/\/hostnetart.com.br\/baixada\/apesar-do-banco-itau-ter-negado-demissoes-sindicatos-ficarao-atentos\/"},"modified":"2015-09-24T00:00:00","modified_gmt":"2015-09-24T03:00:00","slug":"apesar-do-banco-itau-ter-negado-demissoes-sindicatos-ficarao-atentos","status":"publish","type":"post","link":"https:\/\/hostnetart.com.br\/baixada\/apesar-do-banco-itau-ter-negado-demissoes-sindicatos-ficarao-atentos\/","title":{"rendered":"Apesar do banco Ita\u00fa ter negado demiss\u00f5es, sindicatos ficar\u00e3o atentos"},"content":{"rendered":"<p>\u201cHouve um mal-entendido\u201d. Esta foi a explica\u00e7\u00e3o dos representantes do banco Ita\u00fa, dada ao Comando Nacional dos Banc\u00e1rios e a Comiss\u00e3o de Organiza\u00e7\u00e3o dos Empregados (COE) do Ita\u00fa, em reuni\u00e3o realizada nesta quarta-feira (23) em S\u00e3o Paulo. O objetivo do encontro foi o de esclarecer as declara\u00e7\u00f5es do diretor da \u00c1rea de Varejo do Ita\u00fa, Marco Bonomi, sobre o fechamento de ag\u00eancias de tijolos substituindo-as por ag\u00eancias digitais e cortes de postos de trabalho na institui\u00e7\u00e3o financeira. <\/p>\n<p>Segundo os representantes do Ita\u00fa, Bonomi foi mal interpretado pela imprensa. Na reuni\u00e3o desta quarta, a dire\u00e7\u00e3o do banco negou o fechamento de ag\u00eancias e a elimina\u00e7\u00e3o de postos de trabalho.<\/p>\n<p>Para o presidente da Contraf-CUT, Roberto von der Osten, os bancos sempre alegam mal-entendidos. \u201cEles sempre dizem que a gente entendeu diferente o que eles falam, mas \u00e9 uma desconfian\u00e7a leg\u00edtima de nossa parte. Reestrutura\u00e7\u00e3o no sistema financeiro \u00e9 sin\u00f4nimo de demiss\u00e3o. Os nossos sindicatos est\u00e3o alertas e v\u00e3o acompanhar muito de perto este processo de transfer\u00eancias de contas da rede f\u00edsica para a rede digital\u201d, comentou Roberto.<\/p>\n<p>Segundo o coordenador da COE do Ita\u00fa, Jair Alves, os trabalhadores foram pegos de surpresa com a nova pol\u00edtica do Banco. \u201cEste novo modelo n\u00e3o afeta apenas a quest\u00e3o do desemprego que abala a categoria, mas tamb\u00e9m vem afetando a remunera\u00e7\u00e3o dos banc\u00e1rios, que perdem com a diminui\u00e7\u00e3o do n\u00famero de contas das agencias solos para as digitais. A meta dos funcion\u00e1rios das ag\u00eancias solos n\u00e3o \u00e9 alterada com n\u00famero de contas que sai da agencia. O que agrava o problema das metas abusivas\u201d, explicou Jair.<\/p>\n<p>\u201cVamos acompanhar de perto toda a movimenta\u00e7\u00e3o desta nova fase do banco. Os sindicatos e federa\u00e7\u00f5es ir\u00e3o estar na base para fazer um levantamento semanal e mensal dos postos de trabalho\u201d, ressaltou Jair.<\/p>\n<p>PCR e Bolsa de Estudo<\/p>\n<p>Os representantes dos trabalhadores tamb\u00e9m entregaram uma carta ao banco Ita\u00fa sobre o Programa Complementar de Resultados (PCR), onde reivindicam a corre\u00e7\u00e3o dos valores previstos em acordo, com a vig\u00eancia de dois anos, ou seja, um valor condizente com os altos lucros que o Ita\u00fa vem obtendo, de 23,5%, passando a R$ 5.100.<\/p>\n<p>No tocante \u00e0s concess\u00f5es de Aux\u00edlio-Educa\u00e7\u00e3o aos funcion\u00e1rios do banco mediante acordo, definiu-se pela reinvindica\u00e7\u00e3o da atualiza\u00e7\u00e3o dos valores praticados, em 23,5%, passando a R$ 392,50. <\/p>\n<p><a href=\"http:\/\/www.contrafcut.org.br\/download\/Arquivo\/1592317477.pdf\" target=\"_blank\" rel=\"alternate noopener noreferrer\">Clique aqui<\/a> para ver a carta enviada ao Banco Ita\u00fa. <\/p>\n<p>Fonte: Contraf-CUT<\/p>\n","protected":false},"excerpt":{"rendered":"<p>\u201cHouve um mal-entendido\u201d. Esta foi a explica\u00e7\u00e3o dos representantes do banco Ita\u00fa, dada ao Comando Nacional dos Banc\u00e1rios e a Comiss\u00e3o de Organiza\u00e7\u00e3o dos Empregados (COE) do Ita\u00fa, em reuni\u00e3o realizada nesta quarta-feira (23) em S\u00e3o Paulo. O objetivo do encontro foi o de esclarecer as declara\u00e7\u00f5es do diretor da \u00c1rea de Varejo do Ita\u00fa, [&hellip;]<\/p>\n","protected":false},"author":1,"featured_media":0,"comment_status":"","ping_status":"","sticky":false,"template":"","format":"standard","meta":{"footnotes":""},"categories":[3],"tags":[],"class_list":["post-2382","post","type-post","status-publish","format-standard","hentry","category-noticias"],"_links":{"self":[{"href":"https:\/\/hostnetart.com.br\/baixada\/wp-json\/wp\/v2\/posts\/2382","targetHints":{"allow":["GET"]}}],"collection":[{"href":"https:\/\/hostnetart.com.br\/baixada\/wp-json\/wp\/v2\/posts"}],"about":[{"href":"https:\/\/hostnetart.com.br\/baixada\/wp-json\/wp\/v2\/types\/post"}],"author":[{"embeddable":true,"href":"https:\/\/hostnetart.com.br\/baixada\/wp-json\/wp\/v2\/users\/1"}],"replies":[{"embeddable":true,"href":"https:\/\/hostnetart.com.br\/baixada\/wp-json\/wp\/v2\/comments?post=2382"}],"version-history":[{"count":0,"href":"https:\/\/hostnetart.com.br\/baixada\/wp-json\/wp\/v2\/posts\/2382\/revisions"}],"wp:attachment":[{"href":"https:\/\/hostnetart.com.br\/baixada\/wp-json\/wp\/v2\/media?parent=2382"}],"wp:term":[{"taxonomy":"category","embeddable":true,"href":"https:\/\/hostnetart.com.br\/baixada\/wp-json\/wp\/v2\/categories?post=2382"},{"taxonomy":"post_tag","embeddable":true,"href":"https:\/\/hostnetart.com.br\/baixada\/wp-json\/wp\/v2\/tags?post=2382"}],"curies":[{"name":"wp","href":"https:\/\/api.w.org\/{rel}","templated":true}]}}