{"id":2381,"date":"2015-09-24T00:00:00","date_gmt":"2015-09-24T03:00:00","guid":{"rendered":"https:\/\/hostnetart.com.br\/baixada\/apos-pressao-dos-trabalhadores-votacao-do-estatuto-das-estatais-e-adiada\/"},"modified":"2015-09-24T00:00:00","modified_gmt":"2015-09-24T03:00:00","slug":"apos-pressao-dos-trabalhadores-votacao-do-estatuto-das-estatais-e-adiada","status":"publish","type":"post","link":"https:\/\/hostnetart.com.br\/baixada\/apos-pressao-dos-trabalhadores-votacao-do-estatuto-das-estatais-e-adiada\/","title":{"rendered":"Ap\u00f3s press\u00e3o dos trabalhadores, vota\u00e7\u00e3o do Estatuto das Estatais \u00e9 adiada"},"content":{"rendered":"<p>Ap\u00f3s Audi\u00eancia P\u00fablica, que ocorreu na manh\u00e3 desta ter\u00e7a-feira (22), em Bras\u00edlia, os representantes de sindicatos, empresas, Fenae, trabalhadores e conselheiros eleitos de v\u00e1rias empresas p\u00fablicas, como a Caixa, Petrobr\u00e1s, BB, BNDES e outros, conseguiram adiar a vota\u00e7\u00e3o em regime de urg\u00eancia do Projeto de Lei do Senado \u2013 PLS 555\/2015, que representa a amea\u00e7a de privatiza\u00e7\u00e3o e um grande retrocesso para o pa\u00eds.<\/p>\n<p>\u201cFormamos uma frente ampla de combate ao PLS 555\/2015, que utiliza um modelo privatista e desvaloriza o papel dos conselheiros eleitos, proibindo-os de terem participa\u00e7\u00e3o partid\u00e1ria e sindical\u201d, enfatizou Maria Rita Serrano, representante dos empregados no Conselho de Administra\u00e7\u00e3o da CEF. <\/p>\n<p>Maria Rita ainda destacou sobre a necessidade de ampliar o debate com a sociedade, por isso foi preciso tirar o car\u00e1ter de urg\u00eancia da vota\u00e7\u00e3o, que aconteceria hoje \u00e0 noite. \u201cIremos debater com os diversos atores da sociedade civil e segmentos da administra\u00e7\u00e3o p\u00fablica sobre os malef\u00edcios do projeto de lei para o patrim\u00f4nio p\u00fablico\u201d, disse. <\/p>\n<p>Com o plen\u00e1rio lotado, a Audi\u00eancia P\u00fablica, promovida pelo senador Paulo Paim (PT-RS), contou com a participa\u00e7\u00e3o da Central \u00danica dos Trabalhadores (CUT), Contraf-CUT, Federa\u00e7\u00e3o Nacional das Associa\u00e7\u00f5es do Pessoal da Caixa Econ\u00f4mica Federal (Fenae), Federa\u00e7\u00e3o \u00danica dos Petroleiros (FUP), Federa\u00e7\u00e3o Nacional dos Portu\u00e1rios (FNP), trabalhadores e conselheiros eleitos de v\u00e1rias empresas p\u00fablicas, como a Caixa, Petrobr\u00e1s, BB, BNDES, entre outros. <\/p>\n<p>Foi marcada para a pr\u00f3xima semana uma reuni\u00e3o com o presidente do Senado, Renan Calheiros (PMDB-AL) para tratar do assunto. <\/p>\n<p>A Lei de Responsabilidade das Estatais \u00e9 um substitutivo ao PL 167 de 2015, do senador Tasso Jereissati, e uma refer\u00eancia ao PLS 343, tamb\u00e9m deste ano, do senador A\u00e9cio Neves, ambos do PSDB. Sob pretexto da `transpar\u00eancia\u00b4 na condu\u00e7\u00e3o das estatais, o projeto traz em suas normas gerais a determina\u00e7\u00e3o de que empresa p\u00fablica e sociedade de economia mista ser\u00e3o constitu\u00eddas sob a forma de sociedade an\u00f4nima. O projeto representa uma amea\u00e7a a Caixa, Correios, BNDES, empresas do setor el\u00e9trico, entre outras. <\/p>\n<p>Fonte: Contraf-CUT<\/p>\n","protected":false},"excerpt":{"rendered":"<p>Ap\u00f3s Audi\u00eancia P\u00fablica, que ocorreu na manh\u00e3 desta ter\u00e7a-feira (22), em Bras\u00edlia, os representantes de sindicatos, empresas, Fenae, trabalhadores e conselheiros eleitos de v\u00e1rias empresas p\u00fablicas, como a Caixa, Petrobr\u00e1s, BB, BNDES e outros, conseguiram adiar a vota\u00e7\u00e3o em regime de urg\u00eancia do Projeto de Lei do Senado \u2013 PLS 555\/2015, que representa a amea\u00e7a [&hellip;]<\/p>\n","protected":false},"author":1,"featured_media":0,"comment_status":"","ping_status":"","sticky":false,"template":"","format":"standard","meta":{"footnotes":""},"categories":[3],"tags":[],"class_list":["post-2381","post","type-post","status-publish","format-standard","hentry","category-noticias"],"_links":{"self":[{"href":"https:\/\/hostnetart.com.br\/baixada\/wp-json\/wp\/v2\/posts\/2381","targetHints":{"allow":["GET"]}}],"collection":[{"href":"https:\/\/hostnetart.com.br\/baixada\/wp-json\/wp\/v2\/posts"}],"about":[{"href":"https:\/\/hostnetart.com.br\/baixada\/wp-json\/wp\/v2\/types\/post"}],"author":[{"embeddable":true,"href":"https:\/\/hostnetart.com.br\/baixada\/wp-json\/wp\/v2\/users\/1"}],"replies":[{"embeddable":true,"href":"https:\/\/hostnetart.com.br\/baixada\/wp-json\/wp\/v2\/comments?post=2381"}],"version-history":[{"count":0,"href":"https:\/\/hostnetart.com.br\/baixada\/wp-json\/wp\/v2\/posts\/2381\/revisions"}],"wp:attachment":[{"href":"https:\/\/hostnetart.com.br\/baixada\/wp-json\/wp\/v2\/media?parent=2381"}],"wp:term":[{"taxonomy":"category","embeddable":true,"href":"https:\/\/hostnetart.com.br\/baixada\/wp-json\/wp\/v2\/categories?post=2381"},{"taxonomy":"post_tag","embeddable":true,"href":"https:\/\/hostnetart.com.br\/baixada\/wp-json\/wp\/v2\/tags?post=2381"}],"curies":[{"name":"wp","href":"https:\/\/api.w.org\/{rel}","templated":true}]}}