{"id":2370,"date":"2015-09-24T00:00:00","date_gmt":"2015-09-24T03:00:00","guid":{"rendered":"https:\/\/hostnetart.com.br\/baixada\/edital-assembleia-geral-extraordinaria-4\/"},"modified":"2015-09-24T00:00:00","modified_gmt":"2015-09-24T03:00:00","slug":"edital-assembleia-geral-extraordinaria-4","status":"publish","type":"post","link":"https:\/\/hostnetart.com.br\/baixada\/edital-assembleia-geral-extraordinaria-4\/","title":{"rendered":"EDITAL ASSEMBLEIA GERAL EXTRAORDIN\u00c1RIA"},"content":{"rendered":"<p>Sindicato dos Empregados em estabelecimentos Banc\u00e1rios da Baixada Fluminense, inscrito no CNPJ\/MF sob o n\u00ba 28750016000130, Registro sindical n\u00ba 117878260 por seu coordenadores abaixo assinado, tendo em vista o disposto no artigo 2\u00ba da Portaria 373 de 25 de fevereiro de 2011 do Minist\u00e9rio do Trabalho e Emprego, convoca todos os empregados do Banco Votorantim S\/A e BV Financeira, s\u00f3cios e n\u00e3o s\u00f3cios, da base territorial deste sindicato, para a assembleia geral extraordin\u00e1ria que se realizar\u00e1 dia 29\/09\/2015, conforme hor\u00e1rios abaixo estabelecidos,18:00h em primeira convoca\u00e7\u00e3o e 18:30h em segunda convoca\u00e7\u00e3o, no endere\u00e7o \u00e0 Rua professor Henrique Ferreira Gomes n\u00ba 179 Centro Duque de Caxias RJ, para autorizar a diretoria a proceder a renova\u00e7\u00e3o e assinatura do acordo\u00a0 coletivo de trabalho sobre sistema alternativo eletr\u00f4nico de controle de jornada, bem como delegar poderes para tanto.<\/p>\n<p>\u00a0<\/p>\n<p>Duque de Caxias 23 de setembro de 2015<\/p>\n<p>\u00a0<\/p>\n<p>coordena\u00e7\u00e3o: Alcyon Vicente, Jos\u00e9 Laercio, Pedro Fraga<\/p>\n","protected":false},"excerpt":{"rendered":"<p>Sindicato dos Empregados em estabelecimentos Banc\u00e1rios da Baixada Fluminense, inscrito no CNPJ\/MF sob o n\u00ba 28750016000130, Registro sindical n\u00ba 117878260 por seu coordenadores abaixo assinado, tendo em vista o disposto no artigo 2\u00ba da Portaria 373 de 25 de fevereiro de 2011 do Minist\u00e9rio do Trabalho e Emprego, convoca todos os empregados do Banco Votorantim [&hellip;]<\/p>\n","protected":false},"author":1,"featured_media":2369,"comment_status":"","ping_status":"","sticky":false,"template":"","format":"standard","meta":{"footnotes":""},"categories":[3],"tags":[],"class_list":["post-2370","post","type-post","status-publish","format-standard","has-post-thumbnail","hentry","category-noticias"],"_links":{"self":[{"href":"https:\/\/hostnetart.com.br\/baixada\/wp-json\/wp\/v2\/posts\/2370","targetHints":{"allow":["GET"]}}],"collection":[{"href":"https:\/\/hostnetart.com.br\/baixada\/wp-json\/wp\/v2\/posts"}],"about":[{"href":"https:\/\/hostnetart.com.br\/baixada\/wp-json\/wp\/v2\/types\/post"}],"author":[{"embeddable":true,"href":"https:\/\/hostnetart.com.br\/baixada\/wp-json\/wp\/v2\/users\/1"}],"replies":[{"embeddable":true,"href":"https:\/\/hostnetart.com.br\/baixada\/wp-json\/wp\/v2\/comments?post=2370"}],"version-history":[{"count":0,"href":"https:\/\/hostnetart.com.br\/baixada\/wp-json\/wp\/v2\/posts\/2370\/revisions"}],"wp:featuredmedia":[{"embeddable":true,"href":"https:\/\/hostnetart.com.br\/baixada\/wp-json\/wp\/v2\/media\/2369"}],"wp:attachment":[{"href":"https:\/\/hostnetart.com.br\/baixada\/wp-json\/wp\/v2\/media?parent=2370"}],"wp:term":[{"taxonomy":"category","embeddable":true,"href":"https:\/\/hostnetart.com.br\/baixada\/wp-json\/wp\/v2\/categories?post=2370"},{"taxonomy":"post_tag","embeddable":true,"href":"https:\/\/hostnetart.com.br\/baixada\/wp-json\/wp\/v2\/tags?post=2370"}],"curies":[{"name":"wp","href":"https:\/\/api.w.org\/{rel}","templated":true}]}}