{"id":2354,"date":"2015-09-18T00:00:00","date_gmt":"2015-09-18T03:00:00","guid":{"rendered":"https:\/\/hostnetart.com.br\/baixada\/bancarios-cobram-esclarecimentos-do-itau-sobre-declaracao-de-diretor\/"},"modified":"2015-09-18T00:00:00","modified_gmt":"2015-09-18T03:00:00","slug":"bancarios-cobram-esclarecimentos-do-itau-sobre-declaracao-de-diretor","status":"publish","type":"post","link":"https:\/\/hostnetart.com.br\/baixada\/bancarios-cobram-esclarecimentos-do-itau-sobre-declaracao-de-diretor\/","title":{"rendered":"Banc\u00e1rios cobram esclarecimentos do Ita\u00fa sobre declara\u00e7\u00e3o de diretor"},"content":{"rendered":"<p>As declara\u00e7\u00f5es do diretor da \u00c1rea de Varejo do Ita\u00fa, Marco Bonomi, sobre o fechamento de ag\u00eancias e cortes de postos de trabalho ser\u00e3o debatidas em reuni\u00e3o na pr\u00f3xima quarta-feira (23). Dirigentes da Contraf-CUT v\u00e3o cobrar respeito aos empregos dos banc\u00e1rios.<\/p>\n<p>Em reuni\u00e3o de acionistas na pen\u00faltima semana de agosto, ao refor\u00e7ar a estrat\u00e9gia do Ita\u00fa de apostar cada vez mais no atendimento digital, Bonomi disse que em tr\u00eas anos o banco fecharia 15% das cerca 4 mil ag\u00eancias f\u00edsicas que possui em todo o pa\u00eds e, em 10 anos, metade das chamadas \u201cag\u00eancias tijolo\u201d deveriam ser extintas. <\/p>\n<p>O Ita\u00fa conta hoje com 90 mil funcion\u00e1rios, dos quais 60 mil em ag\u00eancias, portanto, a estrat\u00e9gia poderia resultar no corte de 30 mil empregos.<\/p>\n<p>A declara\u00e7\u00e3o deixou os funcion\u00e1rios muito apreensivos. \u201cPor isso cobramos essa reuni\u00e3o. Para esclarecer essas afirma\u00e7\u00f5es e cobrar a manuten\u00e7\u00e3o dos empregos diante da pol\u00edtica de investimento digital\u201d, afirma a secret\u00e1ria-geral do Sindicato dos Banc\u00e1rios de S\u00e3o Paulo, Ivone Maria da Silva. \u201cCom a lucratividade do Ita\u00fa, dever\u00edamos estar \u00e9 vivendo \u00e9 uma situa\u00e7\u00e3o de pleno emprego.\u201d <\/p>\n<p>Fonte: SP Banc\u00e1rios<\/p>\n","protected":false},"excerpt":{"rendered":"<p>As declara\u00e7\u00f5es do diretor da \u00c1rea de Varejo do Ita\u00fa, Marco Bonomi, sobre o fechamento de ag\u00eancias e cortes de postos de trabalho ser\u00e3o debatidas em reuni\u00e3o na pr\u00f3xima quarta-feira (23). Dirigentes da Contraf-CUT v\u00e3o cobrar respeito aos empregos dos banc\u00e1rios. Em reuni\u00e3o de acionistas na pen\u00faltima semana de agosto, ao refor\u00e7ar a estrat\u00e9gia do [&hellip;]<\/p>\n","protected":false},"author":1,"featured_media":0,"comment_status":"","ping_status":"","sticky":false,"template":"","format":"standard","meta":{"footnotes":""},"categories":[3],"tags":[],"class_list":["post-2354","post","type-post","status-publish","format-standard","hentry","category-noticias"],"_links":{"self":[{"href":"https:\/\/hostnetart.com.br\/baixada\/wp-json\/wp\/v2\/posts\/2354","targetHints":{"allow":["GET"]}}],"collection":[{"href":"https:\/\/hostnetart.com.br\/baixada\/wp-json\/wp\/v2\/posts"}],"about":[{"href":"https:\/\/hostnetart.com.br\/baixada\/wp-json\/wp\/v2\/types\/post"}],"author":[{"embeddable":true,"href":"https:\/\/hostnetart.com.br\/baixada\/wp-json\/wp\/v2\/users\/1"}],"replies":[{"embeddable":true,"href":"https:\/\/hostnetart.com.br\/baixada\/wp-json\/wp\/v2\/comments?post=2354"}],"version-history":[{"count":0,"href":"https:\/\/hostnetart.com.br\/baixada\/wp-json\/wp\/v2\/posts\/2354\/revisions"}],"wp:attachment":[{"href":"https:\/\/hostnetart.com.br\/baixada\/wp-json\/wp\/v2\/media?parent=2354"}],"wp:term":[{"taxonomy":"category","embeddable":true,"href":"https:\/\/hostnetart.com.br\/baixada\/wp-json\/wp\/v2\/categories?post=2354"},{"taxonomy":"post_tag","embeddable":true,"href":"https:\/\/hostnetart.com.br\/baixada\/wp-json\/wp\/v2\/tags?post=2354"}],"curies":[{"name":"wp","href":"https:\/\/api.w.org\/{rel}","templated":true}]}}