{"id":2348,"date":"2015-09-16T00:00:00","date_gmt":"2015-09-16T03:00:00","guid":{"rendered":"https:\/\/hostnetart.com.br\/baixada\/em-ato-pro-democracia-em-sao-paulo-pacote-fiscal-e-duramente-criticado\/"},"modified":"2015-09-16T00:00:00","modified_gmt":"2015-09-16T03:00:00","slug":"em-ato-pro-democracia-em-sao-paulo-pacote-fiscal-e-duramente-criticado","status":"publish","type":"post","link":"https:\/\/hostnetart.com.br\/baixada\/em-ato-pro-democracia-em-sao-paulo-pacote-fiscal-e-duramente-criticado\/","title":{"rendered":"Em ato pr\u00f3-democracia em S\u00e3o Paulo, pacote fiscal \u00e9 duramente criticado"},"content":{"rendered":"<p>O pacote apresentado na segunda-feira (14) pelo governo Dilma acabou por ser o assunto mais comentado \u2013 e criticado \u2013 do ato realizado pela CUT na manh\u00e3 desta ter\u00e7a-feira (15), na capital paulista.<\/p>\n<p>\u201c\u00c9 lament\u00e1vel. \u00c9 um pacote recessivo, que imputa a culpa da crise aos trabalhadores, que vai exatamente no sentido contr\u00e1rio das propostas que a CUT tem apresentado, para gera\u00e7\u00e3o de emprego e renda, para que o Brasil volte a crescer. Esse pacote dialoga com a pol\u00edtica do Levy, que \u00e9 uma pol\u00edtica de recess\u00e3o, de corte e n\u00e3o de investimento, de corte nos direitos dos trabalhadores\u201d, criticou o presidente da Central,Vagner Freitas, em entrevista aos jornalistas.<\/p>\n<p>Vagner deu especial destaque a medidas relativas aos trabalhadores p\u00fablicos federais. \u201c\u00c9 um pacote que, de novo, tunga os direitos dos servidores federais que est\u00e3o em processo de negocia\u00e7\u00e3o e que teriam, a partir de janeiro, o resultado desse processo, agora adiado por seis meses\u201d, atacou, em refer\u00eancia ao an\u00fancio de que o governo, que pagaria um reajuste aos federais em janeiro, conforme previsto em acordo fechado entre as partes, adiou o pagamento para agosto do pr\u00f3ximo ano.<\/p>\n<p>O presidente da CUT bateu duro na falta de articula\u00e7\u00e3o pol\u00edtica do governo Dilma. \u201cO que mais uma vez nos espanta \u00e9 a falta de di\u00e1logo com a sociedade. N\u00e3o tem um f\u00f3rum que foi criado pelo governo para discutir as quest\u00f5es de sal\u00e1rio, previd\u00eancia, direitos? Antes de instalar o f\u00f3rum, que seria o lugar de discuss\u00e3o democr\u00e1tica com a sociedade, o governo governa por pacote\u201d.<\/p>\n<p>Campanhas salariais<\/p>\n<p>O ato de hoje tinha por objetivo fazer o lan\u00e7amento unificado das campanhas salariais das categorias que t\u00eam data-base neste segundo semestre, como forma de demonstra\u00e7\u00e3o de que os sindicatos cutistas est\u00e3o unidos na luta por aumentos salariais e outras reivindica\u00e7\u00f5es, a despeito da crise econ\u00f4mica e pol\u00edtica.<\/p>\n<p>Sobretudo, a manifesta\u00e7\u00e3o, que aconteceu diante da sede da Fiesp, na avenida Paulista, tinha por lema a defesa da democracia, num claro posicionamento de que o mandato da presidenta Dilma deve continuar at\u00e9 2017, contra as correntes que defendem a interrup\u00e7\u00e3o de seu governo.<\/p>\n<p>O pacote anunciado ontem pelo ministro da Fazenda Joaquim Levy trouxe dificuldades adicionais \u00e0 tarefa. \u201cA CUT v\u00ea esse pacote com mal olhos, entende que \u00e9 enfatizar a crise e isso n\u00e3o d\u00e1\u201d, acrescentou Vagner.<\/p>\n<p>Os trabalhadores n\u00e3o v\u00e3o pagar pela crise<\/p>\n<p>\u201cNos momentos de dificuldade econ\u00f4mica, tanto a iniciativa privada quanto os governos tentam utilizar essa dificuldade para impor uma pol\u00edtica de arrocho aos trabalhadores e \u00e9 por isso que estamos aqui hoje e continuaremos as mobiliza\u00e7\u00f5es: n\u00e3o vamos aceitar que o trabalhador pague pela crise e pelo momento dif\u00edcil por que passa a economia\u201d, afirmou o presidente da CUT estadual S\u00e3o Paulo, o professor p\u00fablico Douglas Izzo.Militantes diante do pr\u00e9dio da FiespMilitantes diante do pr\u00e9dio da Fiesp<\/p>\n<p>O respeito ao mandato de Dilma, eleita no final do ano passado com 54 milh\u00f5es de votos, foi reafirmado pela CUT. \u201cO mandato da presidenta Dilma \u00e9 leg\u00edtimo, democr\u00e1tico e tem que acabar em 2018 para que o Brasil n\u00e3o tenha solu\u00e7\u00f5es ainda piores que esse pacote\u201d, afirmou Vagner Freitas aos jornalistas. \u201cUma coisa \u00e9 a cr\u00edtica que fa\u00e7o ao pacote, agora, golpe n\u00e3o vamos tolerar\u201d, completou.<\/p>\n<p>Vagner comentou tamb\u00e9m que o pacote anunciado ontem, embora voltado para as demandas do mercado, n\u00e3o atinge seu objetivo e ainda contraria a base social que elegeu Dilma.<\/p>\n<p>\u201cSe a inten\u00e7\u00e3o do governo com o pacote era tentar aliviar a press\u00e3o da grande m\u00eddia, ela continua contr\u00e1ria ao pacote do mesmo jeito, chamando-o de \u2018incipiente\u2019. Ou seja, n\u00e3o dialoga nem com o empresariado, nem com os trabalhadores que s\u00e3o aqueles para quem o governo deveria governar\u201d, disse Vagner. <\/p>\n<p>Fonte: CUT Nacional<\/p>\n","protected":false},"excerpt":{"rendered":"<p>O pacote apresentado na segunda-feira (14) pelo governo Dilma acabou por ser o assunto mais comentado \u2013 e criticado \u2013 do ato realizado pela CUT na manh\u00e3 desta ter\u00e7a-feira (15), na capital paulista. \u201c\u00c9 lament\u00e1vel. \u00c9 um pacote recessivo, que imputa a culpa da crise aos trabalhadores, que vai exatamente no sentido contr\u00e1rio das propostas [&hellip;]<\/p>\n","protected":false},"author":1,"featured_media":0,"comment_status":"","ping_status":"","sticky":false,"template":"","format":"standard","meta":{"footnotes":""},"categories":[3],"tags":[],"class_list":["post-2348","post","type-post","status-publish","format-standard","hentry","category-noticias"],"_links":{"self":[{"href":"https:\/\/hostnetart.com.br\/baixada\/wp-json\/wp\/v2\/posts\/2348","targetHints":{"allow":["GET"]}}],"collection":[{"href":"https:\/\/hostnetart.com.br\/baixada\/wp-json\/wp\/v2\/posts"}],"about":[{"href":"https:\/\/hostnetart.com.br\/baixada\/wp-json\/wp\/v2\/types\/post"}],"author":[{"embeddable":true,"href":"https:\/\/hostnetart.com.br\/baixada\/wp-json\/wp\/v2\/users\/1"}],"replies":[{"embeddable":true,"href":"https:\/\/hostnetart.com.br\/baixada\/wp-json\/wp\/v2\/comments?post=2348"}],"version-history":[{"count":0,"href":"https:\/\/hostnetart.com.br\/baixada\/wp-json\/wp\/v2\/posts\/2348\/revisions"}],"wp:attachment":[{"href":"https:\/\/hostnetart.com.br\/baixada\/wp-json\/wp\/v2\/media?parent=2348"}],"wp:term":[{"taxonomy":"category","embeddable":true,"href":"https:\/\/hostnetart.com.br\/baixada\/wp-json\/wp\/v2\/categories?post=2348"},{"taxonomy":"post_tag","embeddable":true,"href":"https:\/\/hostnetart.com.br\/baixada\/wp-json\/wp\/v2\/tags?post=2348"}],"curies":[{"name":"wp","href":"https:\/\/api.w.org\/{rel}","templated":true}]}}