{"id":2346,"date":"2015-09-16T00:00:00","date_gmt":"2015-09-16T03:00:00","guid":{"rendered":"https:\/\/hostnetart.com.br\/baixada\/adoecimento-da-categoria-pauta-rodada-extra-de-negociacao-da-campanha\/"},"modified":"2015-09-16T00:00:00","modified_gmt":"2015-09-16T03:00:00","slug":"adoecimento-da-categoria-pauta-rodada-extra-de-negociacao-da-campanha","status":"publish","type":"post","link":"https:\/\/hostnetart.com.br\/baixada\/adoecimento-da-categoria-pauta-rodada-extra-de-negociacao-da-campanha\/","title":{"rendered":"Adoecimento da categoria pauta rodada extra de negocia\u00e7\u00e3o da Campanha"},"content":{"rendered":"<p>O adoecimento da categoria foi o destaque da rodada extra de negocia\u00e7\u00e3o da Campanha Nacional 2015, realizada na tarde desta ter\u00e7a-feira (15), em S\u00e3o Paulo, entre o Comando Nacional dos Banc\u00e1rios, coordenado pela Contraf-CUT, e a Fenaban. A reuni\u00e3o foi marcada, por reivindica\u00e7\u00e3o dos representantes dos trabalhadores, para continuar o debater sobre causas dos adoecimentos dos banc\u00e1rios, ass\u00e9dio moral, fim das metas abusivas e programa de retorno ao trabalho.<\/p>\n<p>Os bancos admitiram o aumento de doen\u00e7as entre os trabalhadores, baseados nos n\u00fameros fornecidos por eles no Grupo de Trabalho (GT) bipartite de causas do adoecimento. \u201cNunca antes na hist\u00f3ria deste Comando ouvimos todos os bancos admitirem que existem estes problemas nos locais de trabalho e que precisamos resolver juntos\u201d, destacou Roberto von der Osten, presidente da Contraf-CUT e um dos coordenadores do Comando Nacional.<\/p>\n<p>O Comando Nacional reivindica a defini\u00e7\u00e3o de uma pol\u00edtica de preven\u00e7\u00e3o de adoecimentos conjunta, com diretrizes e princ\u00edpios que ser\u00e3o especificadas banco a banco posteriormente. Al\u00e9m do acompanhamento das comiss\u00f5es de trabalhadores em todos os bancos. <\/p>\n<p>Juvandia Moreira, vice-presidenta da Contraf-CUT e uma das coordenadoras do Comando Nacional, lembrou que essa \u00e9 uma conquista dos GT. \u201cH\u00e1 anos usamos esses espa\u00e7os para mostrar a gravidade do assunto. Esperamos, at\u00e9 o final da campanha, sair com uma clausula que proporcione a solu\u00e7\u00e3o\u201d, disse.<\/p>\n<p>Walcir Previtale, secret\u00e1rio de Sa\u00fade da Contraf-CUT, tamb\u00e9m analisou positivamente a negocia\u00e7\u00e3o. \u201cAcho que abre uma grande oportunidade para o Comando Nacional dos Banc\u00e1rios poderem atuar contra o ass\u00e9dio moral\u201d, completou.<\/p>\n<p>Nesta quarta-feira (16), as partes voltam a se reunir para debater remunera\u00e7\u00e3o.<\/p>\n<p>Fonte: Contraf-CUT<\/p>\n","protected":false},"excerpt":{"rendered":"<p>O adoecimento da categoria foi o destaque da rodada extra de negocia\u00e7\u00e3o da Campanha Nacional 2015, realizada na tarde desta ter\u00e7a-feira (15), em S\u00e3o Paulo, entre o Comando Nacional dos Banc\u00e1rios, coordenado pela Contraf-CUT, e a Fenaban. A reuni\u00e3o foi marcada, por reivindica\u00e7\u00e3o dos representantes dos trabalhadores, para continuar o debater sobre causas dos adoecimentos [&hellip;]<\/p>\n","protected":false},"author":1,"featured_media":0,"comment_status":"","ping_status":"","sticky":false,"template":"","format":"standard","meta":{"footnotes":""},"categories":[3],"tags":[],"class_list":["post-2346","post","type-post","status-publish","format-standard","hentry","category-noticias"],"_links":{"self":[{"href":"https:\/\/hostnetart.com.br\/baixada\/wp-json\/wp\/v2\/posts\/2346","targetHints":{"allow":["GET"]}}],"collection":[{"href":"https:\/\/hostnetart.com.br\/baixada\/wp-json\/wp\/v2\/posts"}],"about":[{"href":"https:\/\/hostnetart.com.br\/baixada\/wp-json\/wp\/v2\/types\/post"}],"author":[{"embeddable":true,"href":"https:\/\/hostnetart.com.br\/baixada\/wp-json\/wp\/v2\/users\/1"}],"replies":[{"embeddable":true,"href":"https:\/\/hostnetart.com.br\/baixada\/wp-json\/wp\/v2\/comments?post=2346"}],"version-history":[{"count":0,"href":"https:\/\/hostnetart.com.br\/baixada\/wp-json\/wp\/v2\/posts\/2346\/revisions"}],"wp:attachment":[{"href":"https:\/\/hostnetart.com.br\/baixada\/wp-json\/wp\/v2\/media?parent=2346"}],"wp:term":[{"taxonomy":"category","embeddable":true,"href":"https:\/\/hostnetart.com.br\/baixada\/wp-json\/wp\/v2\/categories?post=2346"},{"taxonomy":"post_tag","embeddable":true,"href":"https:\/\/hostnetart.com.br\/baixada\/wp-json\/wp\/v2\/tags?post=2346"}],"curies":[{"name":"wp","href":"https:\/\/api.w.org\/{rel}","templated":true}]}}