{"id":2341,"date":"2015-09-15T00:00:00","date_gmt":"2015-09-15T03:00:00","guid":{"rendered":"https:\/\/hostnetart.com.br\/baixada\/comando-debate-saude-e-remuneracao-com-fenaban-nesta-semana\/"},"modified":"2015-09-15T00:00:00","modified_gmt":"2015-09-15T03:00:00","slug":"comando-debate-saude-e-remuneracao-com-fenaban-nesta-semana","status":"publish","type":"post","link":"https:\/\/hostnetart.com.br\/baixada\/comando-debate-saude-e-remuneracao-com-fenaban-nesta-semana\/","title":{"rendered":"Comando debate sa\u00fade e remunera\u00e7\u00e3o com Fenaban nesta semana"},"content":{"rendered":"<p><span style=\"color: #464646;\">O Comando Nacional dos Banc\u00e1rios retoma nesta ter\u00e7a-feira (15), \u00e0s 14h30, em S\u00e3o Paulo, o debate com a Fenaban sobre sa\u00fade. Atendendo \u00e0 reivindica\u00e7\u00e3o dos representantes dos trabalhadores, a mesa extra tratar\u00e1 das discuss\u00f5es sobre as causas dos adoecimentos dos banc\u00e1rios, fim das metas abusivas, combate ao ass\u00e9dio moral, programa de retorno ao trabalho. Na quarta-feira (16), \u00e0s 10h, o tema ser\u00e1 remunera\u00e7\u00e3o.<\/span><br style=\"color: #464646;\" \/><br style=\"color: #464646;\" \/><span style=\"color: #464646;\">J\u00e1 foram tr\u00eas rodadas de negocia\u00e7\u00e3o e os bancos n\u00e3o apresentaram nenhum compromisso com a categoria. A Fenaban preferiu ficar no \u201cfestival de n\u00e3os\u201d com as reivindica\u00e7\u00f5es de emprego, seguran\u00e7a, sa\u00fade, condi\u00e7\u00f5es de trabalho e igualdade de oportunidades.\u00a0<\/span><br style=\"color: #464646;\" \/><br style=\"color: #464646;\" \/><span style=\"color: #464646;\">Para Roberto von der Osten, presidente da Contraf-CUT e um dos coordenadores do Comando Nacional dos Banc\u00e1rios, o momento exige grande mobiliza\u00e7\u00e3o da categoria. \u201cUm setor que ganha tanto deveria valorizar mais seus empregados na hora dos sal\u00e1rios\u201d, disse.<\/span><br style=\"color: #464646;\" \/><br style=\"color: #464646;\" \/><b style=\"color: #464646;\">Lucro nas alturas<\/b><br style=\"color: #464646;\" \/><span style=\"color: #464646;\">Entra ano, sai ano, o setor banc\u00e1rio continua sendo o mais rent\u00e1vel do Pa\u00eds. Mesmo com retra\u00e7\u00e3o econ\u00f4mica, somente no primeiro semestre deste ano, os cinco maiores bancos que operam no Pa\u00eds (Ita\u00fa, Bradesco, Santander, Banco do Brasil e Caixa) lucraram R$36,3 bilh\u00f5es. Um crescimento de 27,3% em rela\u00e7\u00e3o ao mesmo per\u00edodo do ano passado.\u00a0<\/span><br style=\"color: #464646;\" \/><br style=\"color: #464646;\" \/><span style=\"color: #464646;\">\u201cN\u00f3s vamos continuar cobrando dos bancos sua responsabilidade social, seu compromisso com o crescimento econ\u00f4mico e a coer\u00eancia. \u00c9 hora de colocar mais renda nas fam\u00edlias dos trabalhadores\u201d, garantiu o presidente da Contraf-CUT<\/span><br style=\"color: #464646;\" \/><br style=\"color: #464646;\" \/><b style=\"color: #464646;\">Principais reivindica\u00e7\u00f5es da categoria<\/b><br style=\"color: #464646;\" \/><span style=\"color: #464646;\">Entre as principais reivindica\u00e7\u00f5es da categoria est\u00e3o:<\/span><br style=\"color: #464646;\" \/><span style=\"color: #464646;\">Reajuste salarial de 16%. (incluindo reposi\u00e7\u00e3o da infla\u00e7\u00e3o mais 5,7% de aumento real)<\/span><br style=\"color: #464646;\" \/><br style=\"color: #464646;\" \/><span style=\"color: #464646;\">PLR: 3 sal\u00e1rios mais R$7.246,82\u00a0<\/span><br style=\"color: #464646;\" \/><br style=\"color: #464646;\" \/><span style=\"color: #464646;\">Piso: R$3.299,66 (equivalente ao sal\u00e1rio m\u00ednimo do Dieese em valores de junho \u00faltimo).<\/span><br style=\"color: #464646;\" \/><br style=\"color: #464646;\" \/><span style=\"color: #464646;\">Vales alimenta\u00e7\u00e3o, refei\u00e7\u00e3o, 13\u00aa cesta e aux\u00edlio-creche\/bab\u00e1: R$788,00 ao m\u00eas para cada (sal\u00e1rio m\u00ednimo nacional).<\/span><br style=\"color: #464646;\" \/><br style=\"color: #464646;\" \/><span style=\"color: #464646;\">Melhores condi\u00e7\u00f5es de trabalho com o fim das metas abusivas e do ass\u00e9dio moral que adoecem os banc\u00e1rios.<\/span><br style=\"color: #464646;\" \/><br style=\"color: #464646;\" \/><span style=\"color: #464646;\">Emprego: fim das demiss\u00f5es, mais contrata\u00e7\u00f5es, fim da rotatividade e combate \u00e0s terceiriza\u00e7\u00f5es diante dos riscos de aprova\u00e7\u00e3o do PLC 30\/15 no Senado Federal, al\u00e9m da ratifica\u00e7\u00e3o da Conven\u00e7\u00e3o 158 da OIT, que co\u00edbe dispensas imotivadas.<\/span><br style=\"color: #464646;\" \/><span style=\"color: #464646;\">Plano de Cargos, Carreiras e Sal\u00e1rios (PCCS) para todos os banc\u00e1rios.<\/span><br style=\"color: #464646;\" \/><br style=\"color: #464646;\" \/><span style=\"color: #464646;\">Aux\u00edlio-educa\u00e7\u00e3o: pagamento para gradua\u00e7\u00e3o e p\u00f3s.<\/span><br style=\"color: #464646;\" \/><span style=\"color: #464646;\">Preven\u00e7\u00e3o contra assaltos e sequestros: perman\u00eancia de dois vigilantes por andar nas ag\u00eancias e pontos de servi\u00e7os banc\u00e1rios, conforme legisla\u00e7\u00e3o. Instala\u00e7\u00e3o de portas girat\u00f3rias com detector de metais na entrada das \u00e1reas de autoatendimento e biombos nos caixas. Abertura e fechamento remoto das ag\u00eancias, fim da guarda das chaves por funcion\u00e1rios.\u00a0<\/span><br style=\"color: #464646;\" \/><br style=\"color: #464646;\" \/><span style=\"color: #464646;\">Igualdade de oportunidades: fim \u00e0s discrimina\u00e7\u00f5es nos sal\u00e1rios e na ascens\u00e3o profissional de mulheres, negros, gays, l\u00e9sbicas, transsexuais e pessoas com defici\u00eancia (PCDs).\u00a0<\/span><br style=\"color: #464646;\" \/><br style=\"color: #464646;\" \/><span style=\"color: #464646;\">\u201cS\u00e3o reivindica\u00e7\u00f5es justas, constru\u00eddas democraticamente pela categoria, com a participa\u00e7\u00e3o de milhares de m\u00e3os e dimensionadas pelo princ\u00edpio da razoalbilidade. Os bancos podem e devem atender seus empregados. Pois s\u00e3o eles que constroem os seus grandes lucros\u201d, completou Roberto von der Osten.\u00a0<\/span><br style=\"color: #464646;\" \/><br style=\"color: #464646;\" \/><span style=\"color: #464646;\">Fonte: Contraf-CUT<\/span><\/p>\n","protected":false},"excerpt":{"rendered":"<p>O Comando Nacional dos Banc\u00e1rios retoma nesta ter\u00e7a-feira (15), \u00e0s 14h30, em S\u00e3o Paulo, o debate com a Fenaban sobre sa\u00fade. Atendendo \u00e0 reivindica\u00e7\u00e3o dos representantes dos trabalhadores, a mesa extra tratar\u00e1 das discuss\u00f5es sobre as causas dos adoecimentos dos banc\u00e1rios, fim das metas abusivas, combate ao ass\u00e9dio moral, programa de retorno ao trabalho. Na [&hellip;]<\/p>\n","protected":false},"author":1,"featured_media":0,"comment_status":"","ping_status":"","sticky":false,"template":"","format":"standard","meta":{"footnotes":""},"categories":[3],"tags":[],"class_list":["post-2341","post","type-post","status-publish","format-standard","hentry","category-noticias"],"_links":{"self":[{"href":"https:\/\/hostnetart.com.br\/baixada\/wp-json\/wp\/v2\/posts\/2341","targetHints":{"allow":["GET"]}}],"collection":[{"href":"https:\/\/hostnetart.com.br\/baixada\/wp-json\/wp\/v2\/posts"}],"about":[{"href":"https:\/\/hostnetart.com.br\/baixada\/wp-json\/wp\/v2\/types\/post"}],"author":[{"embeddable":true,"href":"https:\/\/hostnetart.com.br\/baixada\/wp-json\/wp\/v2\/users\/1"}],"replies":[{"embeddable":true,"href":"https:\/\/hostnetart.com.br\/baixada\/wp-json\/wp\/v2\/comments?post=2341"}],"version-history":[{"count":0,"href":"https:\/\/hostnetart.com.br\/baixada\/wp-json\/wp\/v2\/posts\/2341\/revisions"}],"wp:attachment":[{"href":"https:\/\/hostnetart.com.br\/baixada\/wp-json\/wp\/v2\/media?parent=2341"}],"wp:term":[{"taxonomy":"category","embeddable":true,"href":"https:\/\/hostnetart.com.br\/baixada\/wp-json\/wp\/v2\/categories?post=2341"},{"taxonomy":"post_tag","embeddable":true,"href":"https:\/\/hostnetart.com.br\/baixada\/wp-json\/wp\/v2\/tags?post=2341"}],"curies":[{"name":"wp","href":"https:\/\/api.w.org\/{rel}","templated":true}]}}