{"id":2335,"date":"2015-09-11T00:00:00","date_gmt":"2015-09-11T03:00:00","guid":{"rendered":"https:\/\/hostnetart.com.br\/baixada\/santander-troca-comando-no-brasil-e-sergio-rial-assumira-a-presidencia\/"},"modified":"2015-09-11T00:00:00","modified_gmt":"2015-09-11T03:00:00","slug":"santander-troca-comando-no-brasil-e-sergio-rial-assumira-a-presidencia","status":"publish","type":"post","link":"https:\/\/hostnetart.com.br\/baixada\/santander-troca-comando-no-brasil-e-sergio-rial-assumira-a-presidencia\/","title":{"rendered":"Santander troca comando no Brasil e Sergio Rial assumir\u00e1 a presid\u00eancia"},"content":{"rendered":"<p>Valor Online <br \/>Fabiana Lopes e Felipe Marques <\/p>\n<p>Em abril de 2013, Jes\u00fas Zabalza assumiu a presid\u00eancia do Santander Brasil com data marcada para sair. No planejamento de sua gest\u00e3o j\u00e1 se contemplava que ele entregaria o comando do banco para um sucessor brasileiro \u2013 Zabalza e seu antecessor, Marcial Portela Alvarez, s\u00e3o espanh\u00f3is \u2013 em um movimento semelhante ao que foi visto em outras filiais do banco mundo afora. A troca, por\u00e9m, s\u00f3 ocorreria depois que a unidade brasileira do Santander, sua maior opera\u00e7\u00e3o fora da Europa, passasse a entregar resultados mais consistentes.<\/p>\n<p>Nesta quarta-feira (9), depois de tr\u00eas balan\u00e7os trimestrais bem-recebidos pelo mercado, o Santander Brasil confirmou que Zabalza ser\u00e1 substitu\u00eddo, a partir de janeiro do ano que vem, pelo atual presidente do conselho de administra\u00e7\u00e3o do banco, Sergio Rial.<\/p>\n<p>Zabalza vai continuar no banco e passa para a posi\u00e7\u00e3o de vice-presidente do conselho. A presid\u00eancia do \u00f3rg\u00e3o, por\u00e9m, ficar\u00e1 vaga, informou o Santander. Segundo o Valor apurou, o espanhol tem o compromisso de ficar no conselho at\u00e9 o fim de 2016 e deve voltar para a terra natal s\u00f3 depois de transferir tamb\u00e9m o comando desse colegiado a um executivo local.<\/p>\n<p>A substitui\u00e7\u00e3o de Jes\u00fas Zabalza na presid\u00eancia do banco vinha sendo desenhada h\u00e1 algum tempo, como parte de um alinhamento \u00e0 estrat\u00e9gia global da institui\u00e7\u00e3o. A troca do comando do banco para as m\u00e3os de um executivo local \u00e9 um movimento que o Santander j\u00e1 realizou em outras filiais consideradas estrat\u00e9gicas, como o Reino Unido, e tamb\u00e9m na Argentina, Chile e Estados Unidos. Ana Bot\u00edn, por exemplo, ingressou na presid\u00eancia da filial do Reino Unido com a miss\u00e3o de arrumar a casa e, em seguida, passou o bast\u00e3o para um executivo local.<\/p>\n<p>Zabalza j\u00e1 cumpriu duas das tr\u00eas etapas a que se prop\u00f4s a executar enquanto estiver no Brasil. A primeira fase era preparar a institui\u00e7\u00e3o para apresentar resultados melhores \u2013 com menos gastos com devedores duvidosos e mais efici\u00eancia. A segunda etapa era, ent\u00e3o, migrar a presid\u00eancia do banco para um brasileiro e a terceira, que deve ocorrer ao longo de 2016, \u00e9 transferir a presid\u00eancia do conselho de administra\u00e7\u00e3o tamb\u00e9m para um executivo do pa\u00eds.<\/p>\n<p>O grande sinal de que a mudan\u00e7a no comando estava prestes a se concretizar veio com a chegada de Rial ao comando do conselho do banco, no in\u00edcio do ano, deixando a presid\u00eancia do frigor\u00edfico Marfrig. Essa foi a primeira mudan\u00e7a mais vis\u00edvel feita por Ana Patricia Bot\u00edn no Pa\u00eds, ap\u00f3s assumir o comando do grupo espanhol no lugar de seu pai, Em\u00edlio Bot\u00edn. Na \u00e9poca, Zabalza evitou comentar a mudan\u00e7a e disse, em teleconfer\u00eancia com jornalistas, que a chegada de Rial era \u201cde grande valia para o banco\u201d e que ele iria \u201cajudar a acelerar o crescimento do banco no Brasil\u201d.<\/p>\n<p>Ainda que Zabalza tenha desempenhado importante papel em resolver alguns dos problemas que pesavam no desempenho do banco, \u00e9 longa a lista de tarefas que aguardam Rial. O executivo assumir\u00e1 um banco que entrega um retorno sobre patrim\u00f4nio na casa dos 12%, enquanto que seus concorrentes privados t\u00eam esse indicador acima de 20% \u2013 compara\u00e7\u00e3o constantemente citada por analistas quando falam do banco.<\/p>\n<p>A expectativa de funcion\u00e1rios do banco ouvidos pelo Valor \u00e9 que, na \u00e1rea de cr\u00e9dito, Rial possa contribuir com avan\u00e7o do banco no empr\u00e9stimo rural, uma das \u00e1reas definidas como prioridade por Zabalza. Al\u00e9m da Marfrig, Rial tamb\u00e9m ocupou importantes posi\u00e7\u00f5es na Cargill.<\/p>\n<p>As visitas que Rial fez \u00e0s diversas \u00e1reas do banco nos \u00faltimos meses renderam boas impress\u00f5es do executivo, que impressionou pelo racioc\u00ednio considerado \u201cr\u00e1pido\u201d e pelo preparo com que abordou os respons\u00e1veis pelas diferentes \u00e1reas do banco. \u201cNa apresenta\u00e7\u00e3o que fizemos para ele, no terceiro slide, ele j\u00e1 estava perguntando o detalhe da rentabilidade da opera\u00e7\u00e3o\u201d, conta uma fonte.<\/p>\n","protected":false},"excerpt":{"rendered":"<p>Valor Online Fabiana Lopes e Felipe Marques Em abril de 2013, Jes\u00fas Zabalza assumiu a presid\u00eancia do Santander Brasil com data marcada para sair. No planejamento de sua gest\u00e3o j\u00e1 se contemplava que ele entregaria o comando do banco para um sucessor brasileiro \u2013 Zabalza e seu antecessor, Marcial Portela Alvarez, s\u00e3o espanh\u00f3is \u2013 em [&hellip;]<\/p>\n","protected":false},"author":1,"featured_media":0,"comment_status":"","ping_status":"","sticky":false,"template":"","format":"standard","meta":{"footnotes":""},"categories":[3],"tags":[],"class_list":["post-2335","post","type-post","status-publish","format-standard","hentry","category-noticias"],"_links":{"self":[{"href":"https:\/\/hostnetart.com.br\/baixada\/wp-json\/wp\/v2\/posts\/2335","targetHints":{"allow":["GET"]}}],"collection":[{"href":"https:\/\/hostnetart.com.br\/baixada\/wp-json\/wp\/v2\/posts"}],"about":[{"href":"https:\/\/hostnetart.com.br\/baixada\/wp-json\/wp\/v2\/types\/post"}],"author":[{"embeddable":true,"href":"https:\/\/hostnetart.com.br\/baixada\/wp-json\/wp\/v2\/users\/1"}],"replies":[{"embeddable":true,"href":"https:\/\/hostnetart.com.br\/baixada\/wp-json\/wp\/v2\/comments?post=2335"}],"version-history":[{"count":0,"href":"https:\/\/hostnetart.com.br\/baixada\/wp-json\/wp\/v2\/posts\/2335\/revisions"}],"wp:attachment":[{"href":"https:\/\/hostnetart.com.br\/baixada\/wp-json\/wp\/v2\/media?parent=2335"}],"wp:term":[{"taxonomy":"category","embeddable":true,"href":"https:\/\/hostnetart.com.br\/baixada\/wp-json\/wp\/v2\/categories?post=2335"},{"taxonomy":"post_tag","embeddable":true,"href":"https:\/\/hostnetart.com.br\/baixada\/wp-json\/wp\/v2\/tags?post=2335"}],"curies":[{"name":"wp","href":"https:\/\/api.w.org\/{rel}","templated":true}]}}