{"id":2333,"date":"2015-09-11T00:00:00","date_gmt":"2015-09-11T03:00:00","guid":{"rendered":"https:\/\/hostnetart.com.br\/baixada\/terceira-rodada-de-negociacao-com-a-caixa-acontece-nesta-sexta-feira\/"},"modified":"2015-09-11T00:00:00","modified_gmt":"2015-09-11T03:00:00","slug":"terceira-rodada-de-negociacao-com-a-caixa-acontece-nesta-sexta-feira","status":"publish","type":"post","link":"https:\/\/hostnetart.com.br\/baixada\/terceira-rodada-de-negociacao-com-a-caixa-acontece-nesta-sexta-feira\/","title":{"rendered":"Terceira rodada de negocia\u00e7\u00e3o com a Caixa acontece nesta sexta-feira"},"content":{"rendered":"<p>O Comando Nacional dos Banc\u00e1rios, assessorado pela Comiss\u00e3o Executiva dos Empregados (CEE\/Caixa), e a Caixa Econ\u00f4mica Federal realizam nesta sexta-feira (11), \u00e0s 9h30, em Bras\u00edlia(DF) a terceira rodada de negocia\u00e7\u00f5es espec\u00edfica da campanha Nacional 2015. Em pauta, estar\u00e3o os itens da minuta sobre Sa\u00fade Caixa, carreira, isonomia e organiza\u00e7\u00e3o do movimento.<\/p>\n<p>No tocante ao plano de sa\u00fade dos empregados, as principais reivindica\u00e7\u00f5es s\u00e3o a utiliza\u00e7\u00e3o do resultado anual com aporte de 70% (parte da Caixa) para melhorias do plano, a segrega\u00e7\u00e3o operacional cont\u00e1bil e financeira dos recursos (com a cria\u00e7\u00e3o de um fundo que o remunere), a mudan\u00e7a do car\u00e1ter do Conselho de Usu\u00e1rios, de consultivo para deliberativo.<\/p>\n<p>Com o fim do chamado contingenciamento do processamento do plano de sa\u00fade, ocorrido no per\u00edodo de mar\u00e7o de 2005 a mar\u00e7o de 2007, o Sa\u00fade Caixa tem uma situa\u00e7\u00e3o financeira positiva. A coordenadora da Comiss\u00e3o Executiva dos Empregados (CEE\/Caixa), Fabiana Matheus, defende que essa boa sa\u00fade cont\u00e1bil seja utilizada urgentemente para melhorias no plano em rela\u00e7\u00e3o \u00e0s coberturas, inclus\u00e3o de novos procedimentos e amplia\u00e7\u00e3o da rede credenciada. Da mesma forma, segundo ela, \u201c\u00e9 premente a melhoria da estrutura e da gest\u00e3o do Sa\u00fade Caixa\u201d.<\/p>\n<p>Com rela\u00e7\u00e3o a carreira, os trabalhadores reivindicam o fim da GDP (Gest\u00e3o de Desempenho de Pessoas), cria\u00e7\u00e3o de comit\u00ea de acompanhamento dos PSIC e do Banco de Habilitados e oportunidades e banco de sucessores, com participa\u00e7\u00e3o dos empregados e um membro da Gipes; ado\u00e7\u00e3o de crit\u00e9rios objetivos de descomissionamentos elaborados com os trabalhadores previamente, retirando do gestor o poder discricion\u00e1rio, entre outros.<\/p>\n<p>\u201d A Isonomia \u00e9 uma das reivindica\u00e7\u00f5es da campanha salarial. O atendimento a essa reivindica\u00e7\u00e3o \u00e9 imprescind\u00edvel para corrigir uma grave injusti\u00e7a da era Fernando Henrique Cardoso. Na Caixa, os focos da mobiliza\u00e7\u00e3o pela igualdade de direitos s\u00e3o o Adicional por Tempo de Servi\u00e7o (ATS) \u2013 o chamado anu\u00eanio e a licen\u00e7a-pr\u00eamio, benef\u00edcios que n\u00e3o foram dados a todos que ingressaram no banco ap\u00f3s 1998\u2033, destaca Fabiana Matheus.<\/p>\n<p><strong>Mobiliza\u00e7\u00e3o<\/strong><\/p>\n<p>A secret\u00e1ria da Juventude da Contraf-CUT e representante da Confedera\u00e7\u00e3o na CEE\/Caixa, Fabiana Uehara Proscholdt, ressalta a necessidade de mobiliza\u00e7\u00e3o na Campanha Salarial 2015. O Comando Nacional dos Banc\u00e1rios orientou as federa\u00e7\u00f5es e sindicatos a realizarem manifesta\u00e7\u00e3o e atividades l\u00fadicas nos dias de negocia\u00e7\u00f5es, com objetivo para chamar a aten\u00e7\u00e3o da popula\u00e7\u00e3o sobre os temas da campanha e pressionar os bancos para que atendam \u00e0s reivindica\u00e7\u00f5es dos trabalhadores. <\/p>\n<p>\u201cJ\u00e1 foram duas rodadas de negocia\u00e7\u00e3o com a Caixa, mas o banco ainda n\u00e3o apresentou nenhum avan\u00e7o. A mobiliza\u00e7\u00e3o da categoria \u00e9 fundamental para a amplia\u00e7\u00e3o dos nossos direitos e mais conquistas. No dia 18 tamb\u00e9m vamos refor\u00e7ar as manifesta\u00e7\u00f5es\u201d, ressalta Fabiana Uehara Proscholdt. <\/p>\n<p><strong>Reuni\u00e3o preparat\u00f3ria<\/strong><\/p>\n<p>Os membros da Comiss\u00e3o Executiva dos Empregados (CEE\/Caixa) se re\u00fanem, na sede da Fenae, em Bras\u00edlia(DF) nesta quinta-feira (10), para debater os temas da pauta da negocia\u00e7\u00e3o com a Caixa. <\/p>\n<p>Fonte: Contraf-CUT com Fenae<\/p>\n","protected":false},"excerpt":{"rendered":"<p>O Comando Nacional dos Banc\u00e1rios, assessorado pela Comiss\u00e3o Executiva dos Empregados (CEE\/Caixa), e a Caixa Econ\u00f4mica Federal realizam nesta sexta-feira (11), \u00e0s 9h30, em Bras\u00edlia(DF) a terceira rodada de negocia\u00e7\u00f5es espec\u00edfica da campanha Nacional 2015. Em pauta, estar\u00e3o os itens da minuta sobre Sa\u00fade Caixa, carreira, isonomia e organiza\u00e7\u00e3o do movimento. No tocante ao plano [&hellip;]<\/p>\n","protected":false},"author":1,"featured_media":0,"comment_status":"","ping_status":"","sticky":false,"template":"","format":"standard","meta":{"footnotes":""},"categories":[3],"tags":[],"class_list":["post-2333","post","type-post","status-publish","format-standard","hentry","category-noticias"],"_links":{"self":[{"href":"https:\/\/hostnetart.com.br\/baixada\/wp-json\/wp\/v2\/posts\/2333","targetHints":{"allow":["GET"]}}],"collection":[{"href":"https:\/\/hostnetart.com.br\/baixada\/wp-json\/wp\/v2\/posts"}],"about":[{"href":"https:\/\/hostnetart.com.br\/baixada\/wp-json\/wp\/v2\/types\/post"}],"author":[{"embeddable":true,"href":"https:\/\/hostnetart.com.br\/baixada\/wp-json\/wp\/v2\/users\/1"}],"replies":[{"embeddable":true,"href":"https:\/\/hostnetart.com.br\/baixada\/wp-json\/wp\/v2\/comments?post=2333"}],"version-history":[{"count":0,"href":"https:\/\/hostnetart.com.br\/baixada\/wp-json\/wp\/v2\/posts\/2333\/revisions"}],"wp:attachment":[{"href":"https:\/\/hostnetart.com.br\/baixada\/wp-json\/wp\/v2\/media?parent=2333"}],"wp:term":[{"taxonomy":"category","embeddable":true,"href":"https:\/\/hostnetart.com.br\/baixada\/wp-json\/wp\/v2\/categories?post=2333"},{"taxonomy":"post_tag","embeddable":true,"href":"https:\/\/hostnetart.com.br\/baixada\/wp-json\/wp\/v2\/tags?post=2333"}],"curies":[{"name":"wp","href":"https:\/\/api.w.org\/{rel}","templated":true}]}}