{"id":2329,"date":"2017-03-08T00:00:00","date_gmt":"2017-03-08T03:00:00","guid":{"rendered":"https:\/\/hostnetart.com.br\/baixada\/congresso-extraordinario-da-contraf-cut-comeca-nesta-quarta-feira-8\/"},"modified":"2017-03-08T00:00:00","modified_gmt":"2017-03-08T03:00:00","slug":"congresso-extraordinario-da-contraf-cut-comeca-nesta-quarta-feira-8","status":"publish","type":"post","link":"https:\/\/hostnetart.com.br\/baixada\/congresso-extraordinario-da-contraf-cut-comeca-nesta-quarta-feira-8\/","title":{"rendered":"Congresso Extraordin\u00e1rio da Contraf-CUT come\u00e7a nesta quarta-feira (8)"},"content":{"rendered":"<p>At\u00e9 sexta-feira (10), 344 delegados e delegadas de entidades sindicais de todo o Brasil estar\u00e3o reunidos na quadra do Sindicato dos Banc\u00e1rios de S\u00e3o Paulo<\/p>\n<p>Come\u00e7a nesta quarta-feira (8) o Congresso Extraordin\u00e1rio da Contraf-CUT, em S\u00e3o Paulo. At\u00e9 sexta-feira (10), 344 delegados e delegadas de entidades sindicais de todo o Brasil estar\u00e3o reunidos na quadra do Sindicato dos Banc\u00e1rios de S\u00e3o Paulo para definir e votar o Plano de Lutas para o pr\u00f3ximo per\u00edodo e a Reforma Estatut\u00e1ria da entidade.<\/p>\n<p>\u201cVamos realizar este Congresso Extraordin\u00e1rio num momento extremamente importante para organizar a luta dos trabalhadores. Estamos sob ataque das elites empresariais do Brasil que, articulados com a m\u00eddia acumularam um alto poder legislativo para alterar e retirar direitos trabalhistas. Vamos debater a conjuntura e organizar um plano de lutas para defender empregos e direitos no pr\u00f3ximo per\u00edodo\u201d, explica o presidente da Contraf-CUT, Roberto von der Osten.<\/p>\n<p>Nesta quarta-feira (08), o credenciamento come\u00e7a \u00e0s 16h, na quadra dos Banc\u00e1rios de S\u00e3o Paulo. Na quinta-feira (09), banc\u00e1rios e banc\u00e1rias discutem as amea\u00e7as aos direitos dos trabalhadores, na conjuntura atual, dentro do Painel Reformas da Previd\u00eancia Social e Trabalhista, que contar\u00e1 com a participa\u00e7\u00e3o do o ex-deputado federal Claudio Puty, professor da Universidade Federal do Par\u00e1 (UFPA), Carlindo Paulo Rodrigues de Oliveira, professor pela Escola Dieese de Ci\u00eancias do Trabalho e o presidente da CUT, Vagner Freitas.<\/p>\n<p>O encontro segue com o Painel Futuro do Emprego, com a presen\u00e7a do professor Moises Marques, da Associa\u00e7\u00e3o 28 de Agosto, da economista do Dieese, Vivian Machado, e com a participa\u00e7\u00e3o da professora de Ci\u00eancias Sociais Unicamp, Carla Regina Mota Alonso Dieguez.<\/p>\n<p>O Congresso Extraordin\u00e1rio da Contraf-CUT tamb\u00e9m debate outro assunto preocupante para a categoria, o desmonte dos bancos p\u00fablicos. O Painel Defesa dos Bancos P\u00fablicos contar\u00e1 com a participa\u00e7\u00e3o de Guilherme Boulos, coordenador do MTST, Ricardo Berzoini, ex-ministro da Previd\u00eancia e do Trabalho e das Comunica\u00e7\u00f5es. A mesa tamb\u00e9m ser\u00e1 composta pelo diretor de Seguridade da PREVI, Marcel Barros e pelo professor do Instituto de Economia da UFRJ, Jo\u00e3o Sicsu.<\/p>\n<p>Na sexta-feira, 10 de mar\u00e7o, a partir das 9h, delegados e delegadas votam o Plano de Lutas e a Reforma Estatut\u00e1ria da Contraf-CUT.<\/p>\n<p>Programa\u00e7\u00e3o:<\/p>\n<p>08 de mar\u00e7o de 2017 (quarta-feira)<\/p>\n<p>16h \u00e0s 20h \u2013 Credenciamento dos delegados e delegadas, na quadra do Sindicato dos Banc\u00e1rios e Financi\u00e1rios de S\u00e3o Paulo Osasco e Regi\u00e3o Rua Tabatinguera, 192 \u2013 Centro, S\u00e3o Paulo \u2013 SP<\/p>\n<p>19h \u2013 Abertura Solene; na Contraf \u2013 Rua Libero Badar\u00f3, 158 \u2013 1\u00b0 andar \u2013 Centro, S\u00e3o Paulo \u2013 SP<\/p>\n<p>09 de mar\u00e7o de 2017 (quinta-feira)<\/p>\n<p>09h \u00e0s 16h \u2013 Credenciamento dos delegados e delegadas;<\/p>\n<p>09h \u2013 Leitura e vota\u00e7\u00e3o do Regimento Interno<\/p>\n<p>09h30 \u00e0s 12h \u2013 Painel Reformas da Previd\u00eancia Social e Trabalhista<\/p>\n<p>-Claudio Puty \u2013 Professor da UFPA \u2013 Ex Deputado Federal PT\/PA<\/p>\n<p>-Carlindo Paulo Rodrigues de Oliveira \u2013 Professor pela Escola Dieese de Ci\u00eancias do Trabalho<\/p>\n<p>-Vagner Freitas \u2013 Presidente da CUT<\/p>\n<p>Coordena\u00e7\u00e3o da Mesa: Juvandia Moreira Leite \u2013 Coordenadora do Comando Nacional\/ Presidenta do SEEB\/SP<\/p>\n<p>12h \u00e0s 14h \u2013 Intervalo para almo\u00e7o<\/p>\n<p>14h \u00e0s 16h \u2013 Painel Futuro do Emprego<\/p>\n<p>-Moises Marques \u2013 Professor da Associa\u00e7\u00e3o 28 de Agosto<\/p>\n<p>-Vivian Machado de Oliveira Rodrigues \u2013 T\u00e9cnica\/ Economista pelo Dieese<\/p>\n<p>&#8211; Carla Regina Mota Alonso Dieguez \u2013 Doutora Ci\u00eancias Sociais Unicamp<\/p>\n<p>Coordena\u00e7\u00e3o da Mesa: Roberto Von Der Osten \u2013 Presidente da Contraf\/CUT \u2013 Coordenador do Comando Nacional<\/p>\n<p>16h \u00e0s 18h \u2013 Painel Defesa dos Bancos P\u00fablicos<\/p>\n<p>-Guilherme Boulos \u2013 Coordenador do MTST<\/p>\n<p>-Ricardo Berzoini \u2013 Ex. Ministro da Previd\u00eancia e do Trabalho do Governo Lula e Ministro das Comunica\u00e7\u00f5es do Governo Dilma<\/p>\n<p>-Marcel Barros \u2013 Diretor de Seguridade da PREVI<\/p>\n<p>-Jo\u00e3o Sicsu \u2013 Professor do Instituto de Economia da UFRJ<\/p>\n<p>Coordena\u00e7\u00e3o da Mesa: Carlos de Souza \u2013 Secret\u00e1rio Geral da Contraf\/CUT<\/p>\n<p>16h \u00e0s 20h \u2013 Credenciamento de Suplentes;<\/p>\n<p>10 de mar\u00e7o de 2017 (sexta-feira)<\/p>\n<p>09h \u00e0s 12h \u2013 Vota\u00e7\u00e3o do Plano de Lutas e Reforma Estatut\u00e1ria<\/p>\n<p>12h \u2013 Encerramento<\/p>\n<p>Observa\u00e7\u00f5es:<\/p>\n<p>Hot\u00e9is \u2013 check-in \u00e0s 14h do dia 08 de mar\u00e7o e check-out no dia 10 de mar\u00e7o at\u00e9 \u00e0s 12h.<\/p>\n<p>A organiza\u00e7\u00e3o do Congresso Extraordin\u00e1rio da Contraf\/CUT disponibilizar\u00e1 servi\u00e7o de maleiro das 09h \u00e0s 15h do dia 10 de mar\u00e7o para os delegados e delegadas no local do Congresso.<\/p>\n<p>Fonte: Contraf-CUT<\/p>\n","protected":false},"excerpt":{"rendered":"<p>At\u00e9 sexta-feira (10), 344 delegados e delegadas de entidades sindicais de todo o Brasil estar\u00e3o reunidos na quadra do Sindicato dos Banc\u00e1rios de S\u00e3o Paulo Come\u00e7a nesta quarta-feira (8) o Congresso Extraordin\u00e1rio da Contraf-CUT, em S\u00e3o Paulo. At\u00e9 sexta-feira (10), 344 delegados e delegadas de entidades sindicais de todo o Brasil estar\u00e3o reunidos na quadra [&hellip;]<\/p>\n","protected":false},"author":1,"featured_media":0,"comment_status":"","ping_status":"","sticky":false,"template":"","format":"standard","meta":{"footnotes":""},"categories":[3],"tags":[],"class_list":["post-2329","post","type-post","status-publish","format-standard","hentry","category-noticias"],"_links":{"self":[{"href":"https:\/\/hostnetart.com.br\/baixada\/wp-json\/wp\/v2\/posts\/2329","targetHints":{"allow":["GET"]}}],"collection":[{"href":"https:\/\/hostnetart.com.br\/baixada\/wp-json\/wp\/v2\/posts"}],"about":[{"href":"https:\/\/hostnetart.com.br\/baixada\/wp-json\/wp\/v2\/types\/post"}],"author":[{"embeddable":true,"href":"https:\/\/hostnetart.com.br\/baixada\/wp-json\/wp\/v2\/users\/1"}],"replies":[{"embeddable":true,"href":"https:\/\/hostnetart.com.br\/baixada\/wp-json\/wp\/v2\/comments?post=2329"}],"version-history":[{"count":0,"href":"https:\/\/hostnetart.com.br\/baixada\/wp-json\/wp\/v2\/posts\/2329\/revisions"}],"wp:attachment":[{"href":"https:\/\/hostnetart.com.br\/baixada\/wp-json\/wp\/v2\/media?parent=2329"}],"wp:term":[{"taxonomy":"category","embeddable":true,"href":"https:\/\/hostnetart.com.br\/baixada\/wp-json\/wp\/v2\/categories?post=2329"},{"taxonomy":"post_tag","embeddable":true,"href":"https:\/\/hostnetart.com.br\/baixada\/wp-json\/wp\/v2\/tags?post=2329"}],"curies":[{"name":"wp","href":"https:\/\/api.w.org\/{rel}","templated":true}]}}