{"id":2328,"date":"2017-03-08T00:00:00","date_gmt":"2017-03-08T03:00:00","guid":{"rendered":"https:\/\/hostnetart.com.br\/baixada\/bancarias-na-luta-contra-os-retrocessos-no-dia-internacional-da-mulher\/"},"modified":"2017-03-08T00:00:00","modified_gmt":"2017-03-08T03:00:00","slug":"bancarias-na-luta-contra-os-retrocessos-no-dia-internacional-da-mulher","status":"publish","type":"post","link":"https:\/\/hostnetart.com.br\/baixada\/bancarias-na-luta-contra-os-retrocessos-no-dia-internacional-da-mulher\/","title":{"rendered":"Banc\u00e1rias na luta contra os retrocessos no Dia Internacional da Mulher"},"content":{"rendered":"<p>Neste 8 de Mar\u00e7o, quarta-feira, elas se unem a trabalhadoras de todo o pa\u00eds contra a Reforma da Previd\u00eancia, a trabalhista e a terceiriza\u00e7\u00e3o sem limites<\/p>\n<p>As banc\u00e1rias mais uma vez mostrar\u00e3o a for\u00e7a hist\u00f3rica da luta feminista na categoria neste dia 8 de Mar\u00e7o, Dia Internacional da Mulher, ao se unir a organiza\u00e7\u00f5es sociais e trabalhadoras de todo o pa\u00eds para combater \u00e0s reformas propostas por Temer, que est\u00e3o em pauta no Congresso Nacional. O objetivo \u00e9 esclarecer e mobilizar a popula\u00e7\u00e3o contra os preju\u00edzos que as mulheres e todos os trabalhadores ter\u00e3o com a Reforma da Previd\u00eancia, Trabalhista e a aprova\u00e7\u00e3o do PL da terceiriza\u00e7\u00e3o sem limites.<\/p>\n<p>A desigualdade de g\u00eanero na sociedade e no mundo do trabalho impacta diretamente na aposentadoria, mas foi ignorada quando as novas regras foram pensadas na proposta de Reforma da Previd\u00eancia enviada ao Congresso Nacional. As mulheres t\u00eam sal\u00e1rios menores, trabalham mais, n\u00e3o t\u00eam oportunidades de promo\u00e7\u00e3o iguais aos dos homens. Al\u00e9m disso, elas est\u00e3o nos empregos mais prec\u00e1rios e ainda s\u00e3o elas, na grande maioria das vezes, as respons\u00e1veis pelos cuidados com a fam\u00edlia e as tarefas dom\u00e9sticas.<\/p>\n<p>As mulheres ser\u00e3o as principais afetadas com a proposta que desvincula o sal\u00e1rio m\u00ednimo do benef\u00edcio, equipara a idade m\u00ednima de 65 anos para homens e mulheres e aumenta o tempo m\u00ednimo de contribui\u00e7\u00e3o de 15 para 25 anos. Se quiser receber o benef\u00edcio integral, a trabalhadora ou o trabalhador ter\u00e1 que contribuir durante 49 anos pelo teto do INSS.<\/p>\n<p>Com a terceiriza\u00e7\u00e3o e reforma trabalhista, a precariza\u00e7\u00e3o vai se impor, ao acabar com f\u00e9rias de 30 dias, aumentar a jornada, ampliar indefinidamente os contratos de trabalho tempor\u00e1rio, tirar at\u00e9 os direitos ao FGTS e ao seguro desemprego da classe trabalhadora e regular a terceiriza\u00e7\u00e3o para todas as atividades.<\/p>\n<p>\u201cN\u00f3s temos muitos motivos para ir para \u00e0s ruas e tornar este 8 Mar\u00e7o um marco na luta das mulheres. Al\u00e9m das pautas emergenciais, diante do ataque que o governo est\u00e1 fazendo \u00e0 mulher trabalhadora, vamos denunciar o feminic\u00eddio, a viol\u00eancia, a discrimina\u00e7\u00e3o, os sal\u00e1rios e a oportunidades desiguais\u201d afirma Elaine Cutis, secret\u00e1ria da Mulher da Contraf-CUT<\/p>\n<p>\u00a0<\/p>\n<p>Mobiliza\u00e7\u00e3o Nacional nos Estados<\/p>\n<p>\u00a0<\/p>\n<p>Alagoas<\/p>\n<p>Hor\u00e1rio: 15 horas \u2013 Local: Cal\u00e7ad\u00e3o do Com\u00e9rcio at\u00e9 a sede da Superintend\u00eancia do INSS<\/p>\n<p>\u00a0<\/p>\n<p>Amazonas<\/p>\n<p>Hor\u00e1rio: 9 \u00e0s 17 horas \u2013 Local: Pra\u00e7a da Saudade<\/p>\n<p>\u00a0<\/p>\n<p>Bahia<\/p>\n<p>Hor\u00e1rio: Concentra\u00e7\u00e3o a partir das 14h \u2013 Local: na Pra\u00e7a do F\u00f3rum Ruy Barbosa<\/p>\n<p>\u00a0<\/p>\n<p>Cear\u00e1<\/p>\n<p>Hor\u00e1rio 8h \u2013 Local: Pra\u00e7a da Imprensa<\/p>\n<p>\u00a0<\/p>\n<p>Distrito Federal<\/p>\n<p>OFICINA DE MULHERES \u2013 Hor\u00e1rio: das 9h \u00e0s 13h \u2013 Local: CUT Bras\u00edlia<\/p>\n<p>PLENARIA UNIFICADA DAS MULHERES \u2013 Hor\u00e1rio DAS 14:30h as 17h \u2013 Local: CUT Bras\u00edlia<\/p>\n<p>Esp\u00edrito Santo<\/p>\n<p>Caminhada at\u00e9 a sede do INSS em Vit\u00f3ria \u2013 Hor\u00e1rio: 8h \u2013 Local: Concentra\u00e7\u00e3o na Pra\u00e7a 8<\/p>\n<p>\u00a0<\/p>\n<p>Goi\u00e1s<\/p>\n<p>Mulheres do Campo e da Cidade contra a Reforma da Previd\u00eancia, concentra\u00e7\u00f5es em Goi\u00e3nia e mais Caiap\u00f4nia, S\u00e3o Lu\u00eds do Araguaia, Jata\u00ed, Crix\u00e1s, Jaragu\u00e1, Posse, Silv\u00e2nia, Catal\u00e3o, Formosa, Santa Helena de Goi\u00e1s e Goian\u00e9sia<\/p>\n<p>\u00a0<\/p>\n<p>Maranh\u00e3o<\/p>\n<p>Concentra\u00e7\u00e3o de 70 mil mulheres da zona rural de diversas regi\u00f5es do Maranh\u00e3o \u2013 Hor\u00e1rio: a partir de 4h \u2013 Local: Ponte dos Mosquitos<\/p>\n<p>Manifesta\u00e7\u00e3o das mulheres do campo e da cidade, com os movimentos sindicais, sociais e partidos \u2013 Hor\u00e1rio: a partir de 14h \u2013 Local: Pra\u00e7a Deodoro,<\/p>\n<p>\u00a0<\/p>\n<p>Minas Gerais<\/p>\n<p>Oficina e audi\u00eancia p\u00fablica preparat\u00f3rias do Dia Internacional de Luta das mulheres \u2013 Hor\u00e1rio: dia 07 \u00e0s 8h \u2013 Local: Assembleia Legislativa<\/p>\n<p>Ato Unificado do dia 8 de Mar\u00e7o \u2013 Hor\u00e1rio: \u00e0s 16h \u2013 Local: Pra\u00e7a da Assembleia Legislativa<\/p>\n<p>\u00a0<\/p>\n<p>Para\u00edba<\/p>\n<p>Marcha pela Vida das Mulheres e pela Agroecologia, realizada pelo Polo da Borborema, com apoio da CUT e dos movimentos de mulheres e sociais. Em 2017, a oitava edi\u00e7\u00e3o da mostra ocorre em Alagoa Nova (PB). Sa\u00edda: \u00e0s 10h, pela Rua Jo\u00e3o Pessoa, com destino \u00e0 Pra\u00e7a Jo\u00e3o Pessoa, pr\u00f3ximo \u00e0 Igreja Matriz de Santa Ana, no Centro.<\/p>\n<p>\u00a0<\/p>\n<p>Par\u00e1<\/p>\n<p>Mulheres contra a Reforma da Previd\u00eancia &#8211; Hor\u00e1rio: 8h \u2013 Local: Largo do Redondo, Bel\u00e9m<\/p>\n<p>\u00a0<\/p>\n<p>Paran\u00e1<\/p>\n<p>Manifesta\u00e7\u00f5es das mulheres do Movimento Sindical dos Trabalhadores e Trabalhadoras Rurais (MSTTR) contra a Reforma da Previd\u00eancia (PEC 287) v\u00e3o ocorrer em Curitiba, Cascavel e Maringa, a partir das 8h, em frente \u00e0s ag\u00eancias do INSS nessas cidades. Em Campo Mour\u00e3o, as atividades tiveram in\u00edcio \u00e0s 7h, em frente \u00e0 ag\u00eancia do INSS.<\/p>\n<p>\u00a0<\/p>\n<p>Pernambuco<\/p>\n<p>Debate sobre a reforma da previd\u00eancia e os impactos na vida das mulheres. Realiza\u00e7\u00e3o CNTE\/CUT \u2013 9h \u2013 Teatro Boa Vista, Rua Dom Bosco<\/p>\n<p>Rodas de di\u00e1logo, feirinha de artesanato e batucada feminista \u2013 14h30 \u2013 Parque 13 de Maio<\/p>\n<p>Marcha das Mulheres pela Avenida Conde da Boa Vista\/Recife \u2013 Sa\u00edda \u00e0s 16h20<\/p>\n<p>Chegada da marcha \u00e0 Pra\u00e7a da Democracia\/Derby 18h30<\/p>\n<p>\u00a0<\/p>\n<p>Piau\u00ed<\/p>\n<p>Ato publico contra a Reforma da Previd\u00eancia \u201cNem um direito a menos\u201d \u2013 Hor\u00e1rio: 8h \u2013 Local: Pra\u00e7a do Fripisa, com caminhada at\u00e9 o INSS.<\/p>\n<p>Rio Grande do Sul<\/p>\n<p>5h30: concentra\u00e7\u00e3o na ponte do Gua\u00edba.<br \/>10hs: Semin\u00e1rio sobre a Reforma da Previd\u00eancia na Assembleia Legislativa<\/p>\n<p>17:30:Caminhada pelo centro d\u00e1 cidade com a popula\u00e7\u00e3o que n\u00e3o tem pode participar devido ao seu trabalho.<\/p>\n<p>\u00a0<\/p>\n<p>Santa Catarina<\/p>\n<p>Jaragu\u00e1 do Sul<\/p>\n<p>Semin\u00e1rio \u201cReforma da Previd\u00eancia \u2013 Sua Aposentadoria Acaba Aqui\u201d \u2013 Hor\u00e1rio: 9 \u00e0s 13h \u2013 Sindicato dos Trabalhadores do Vestu\u00e1rio (Rua Francisco Fischer, 60).<\/p>\n<p>\u00a0<\/p>\n<p>S\u00e3o Paulo<\/p>\n<p>Assembleia das trabalhadoras \u2013 Hor\u00e1rio: das 14 \u00e0s 15h30 horas, com concentra\u00e7\u00e3o a partir das 13h30 \u2013 Local: Viaduto Santa Ifig\u00eania, em frente ao INSS.<\/p>\n<p>Ato do dia 8 de Mar\u00e7o: Aposentadoria fica, Temer sai! Paramos pela vida das mulheres \u2013 Hor\u00e1rio: 15 horas \u2013 Local: Pra\u00e7a da S\u00e9<\/p>\n<p>\u00a0<\/p>\n<p>Rio de Janeiro<\/p>\n<p>Manifesta\u00e7\u00e3o das Mulheres da CUT Contra a Reforma da Previd\u00eancia \u2013 Hor\u00e1rio 16h \u2013 Local: Candel\u00e1ria<\/p>\n<p>Rio Grande do Sul<\/p>\n<p>Porto Alegre<\/p>\n<p>5h30: Concentra\u00e7\u00e3o na Ponte do Gua\u00edba e marcha at\u00e9 o Centro Hist\u00f3rico<\/p>\n<p>8h30: Ato p\u00fablico na ag\u00eancia do INSS \u2013 Travessa M\u00e1rio Cinco de Paus, 20, Centro Hist\u00f3rico<\/p>\n<p>10h: Semin\u00e1rio \u201cO Impacto da Reforma da Previd\u00eancia na Vida das Mulheres\u201d, no Teatro Dante Barone da Assembleia Legislativa<\/p>\n<p>12h: Ato em apoio \u00e0 Ocupa\u00e7\u00e3o Mirabal \u2013 Rua Duque de Caxias, 380 \u2013 Centro Hist\u00f3rico<\/p>\n<p>13h30: Ato Cultural no Largo Gl\u00eanio Peres \u2013 Atividades Culturais durante a tarde na Pra\u00e7a da Matriz<\/p>\n<p>17h: Concentra\u00e7\u00e3o para Marcha das Mulheres, na Esquina Democr\u00e1tica<\/p>\n<p>Confira a programa\u00e7\u00e3o do 8 de Mar\u00e7o em outras cidades do RS no link https:\/\/goo.gl\/vh47nB<\/p>\n<p>\u00a0<\/p>\n<p>Fonte: Contraf\/CUT Nacional<\/p>\n","protected":false},"excerpt":{"rendered":"<p>Neste 8 de Mar\u00e7o, quarta-feira, elas se unem a trabalhadoras de todo o pa\u00eds contra a Reforma da Previd\u00eancia, a trabalhista e a terceiriza\u00e7\u00e3o sem limites As banc\u00e1rias mais uma vez mostrar\u00e3o a for\u00e7a hist\u00f3rica da luta feminista na categoria neste dia 8 de Mar\u00e7o, Dia Internacional da Mulher, ao se unir a organiza\u00e7\u00f5es sociais [&hellip;]<\/p>\n","protected":false},"author":1,"featured_media":0,"comment_status":"","ping_status":"","sticky":false,"template":"","format":"standard","meta":{"footnotes":""},"categories":[3],"tags":[],"class_list":["post-2328","post","type-post","status-publish","format-standard","hentry","category-noticias"],"_links":{"self":[{"href":"https:\/\/hostnetart.com.br\/baixada\/wp-json\/wp\/v2\/posts\/2328","targetHints":{"allow":["GET"]}}],"collection":[{"href":"https:\/\/hostnetart.com.br\/baixada\/wp-json\/wp\/v2\/posts"}],"about":[{"href":"https:\/\/hostnetart.com.br\/baixada\/wp-json\/wp\/v2\/types\/post"}],"author":[{"embeddable":true,"href":"https:\/\/hostnetart.com.br\/baixada\/wp-json\/wp\/v2\/users\/1"}],"replies":[{"embeddable":true,"href":"https:\/\/hostnetart.com.br\/baixada\/wp-json\/wp\/v2\/comments?post=2328"}],"version-history":[{"count":0,"href":"https:\/\/hostnetart.com.br\/baixada\/wp-json\/wp\/v2\/posts\/2328\/revisions"}],"wp:attachment":[{"href":"https:\/\/hostnetart.com.br\/baixada\/wp-json\/wp\/v2\/media?parent=2328"}],"wp:term":[{"taxonomy":"category","embeddable":true,"href":"https:\/\/hostnetart.com.br\/baixada\/wp-json\/wp\/v2\/categories?post=2328"},{"taxonomy":"post_tag","embeddable":true,"href":"https:\/\/hostnetart.com.br\/baixada\/wp-json\/wp\/v2\/tags?post=2328"}],"curies":[{"name":"wp","href":"https:\/\/api.w.org\/{rel}","templated":true}]}}