{"id":2312,"date":"2017-02-09T00:00:00","date_gmt":"2017-02-09T02:00:00","guid":{"rendered":"https:\/\/hostnetart.com.br\/baixada\/gt-bipartite-retoma-debate-sobre-requalificacao-e-realocacao-profissional\/"},"modified":"2017-02-09T00:00:00","modified_gmt":"2017-02-09T02:00:00","slug":"gt-bipartite-retoma-debate-sobre-requalificacao-e-realocacao-profissional","status":"publish","type":"post","link":"https:\/\/hostnetart.com.br\/baixada\/gt-bipartite-retoma-debate-sobre-requalificacao-e-realocacao-profissional\/","title":{"rendered":"GT Bipartite retoma debate sobre Requalifica\u00e7\u00e3o e Realoca\u00e7\u00e3o Profissional"},"content":{"rendered":"<p>GT foi conquistado durante a Campanha Nacional 2016, que tinha como uma das suas principais bandeiras, a defesa do emprego<\/p>\n<p>O Comando Nacional dos Banc\u00e1rios e a Fenaban se reuniram, nesta quarta-feira (8), para debater os temas do Grupo de Trabalho Bipartite de Requalifica\u00e7\u00e3o e Realoca\u00e7\u00e3o Profissional, em S\u00e3o Paulo. A instala\u00e7\u00e3o do GT foi conquistada durante a Campanha Nacional 2016, que teve como uma das suas principais bandeiras, a defesa do emprego, amea\u00e7ado pelas reestrutura\u00e7\u00f5es e pelas novas plataformas digitais dos bancos. O GT discute crit\u00e9rios para a constru\u00e7\u00e3o de centros de requalifica\u00e7\u00e3o e realoca\u00e7\u00e3o de empregados, conforme cl\u00e1usula 62 da Conven\u00e7\u00e3o Coletiva de Trabalho -CCT 2016\/2018.<\/p>\n<p>Como solicitado pelo Comando Nacional dos Banc\u00e1rios no primeiro encontro do GT, em 18 de janeiro, a Fenaban apresentou um documento com as a\u00e7\u00f5es desenvolvidas pelos bancos para requalificar os funcion\u00e1rios para que eles possam trabalhar nesse novo ambiente tecnol\u00f3gico e organizacional.<\/p>\n<p>Os representantes dos banc\u00e1rios, no entanto, identificaram que muitos projetos s\u00f3 est\u00e3o no papel e que falta transpar\u00eancia dos bancos na divulga\u00e7\u00e3o das informa\u00e7\u00f5es para os pr\u00f3prios funcion\u00e1rios e para o movimento sindical.<\/p>\n<p>O Comando cobrou igualdade de oportunidades e democratiza\u00e7\u00e3o das informa\u00e7\u00f5es para todas as pessoas que est\u00e3o no banco saibam as vagas existentes, os locais e as fun\u00e7\u00f5es. Cobrou transpar\u00eancia na divulga\u00e7\u00e3o das habilidades, conhecimentos e talentos necess\u00e1rios para cada vaga e fun\u00e7\u00e3o oferecida. Cobrou tamb\u00e9m transpar\u00eancia e objetividade nos crit\u00e9rios de sele\u00e7\u00e3o interna. Al\u00e9m da garantia de que n\u00e3o exista nenhum tipo de discrimina\u00e7\u00e3o nas oportunidades.<\/p>\n<p>Roberto von der Osten, presidente da Contraf-CUT e um dos coordenadores do Comando Nacional, afirmou que o GT ainda est\u00e1 numa fase inicial das conversas. \u201cEsperamos que a partir da pr\u00f3xima reuni\u00e3o, embasados pelas sugest\u00f5es que o Comando apresentou, a Fenaban j\u00e1 comece a delinear a abrang\u00eancia e os limites que um debate desta magnitude pode alcan\u00e7ar. Queremos garantir que os banc\u00e1rios n\u00e3o sejam demitidos por mudan\u00e7as tecnol\u00f3gicas e organizacionais.\u201d<\/p>\n<p>Os representantes da categoria cobraram tamb\u00e9m o compartilhamento da responsabilidade da qualifica\u00e7\u00e3o. \u201cOs trabalhadores n\u00e3o podem ser os \u00fanicos respons\u00e1veis por bancarem as atualiza\u00e7\u00f5es de conhecimento impostas pelos bancos. Evoluir tecnologicamente \u00e9 bom, mas n\u00e3o pode ser o motivo por milhares de demiss\u00f5es sem justa causa\u201d, explicou o presidente da Contraf-CUT.<\/p>\n<p>Ainda durante a reuni\u00e3o, Roberto von der Osten deixou claro ainda a necessidade de que haja efetividade nas a\u00e7\u00f5es dos bancos e a cria\u00e7\u00e3o de maneiras de quantificar e qualificar quantos trabalhadores foram requalificados, realocados. \u201cDesta maneira, saber\u00edamos que empregos foram preservados com a simples a\u00e7\u00e3o de amplia\u00e7\u00e3o de oportunidades\u201d, completou Roberto.<\/p>\n<p>A pr\u00f3xima reuni\u00e3o do Grupo de Trabalho Bipartite de Requalifica\u00e7\u00e3o e Realoca\u00e7\u00e3o Profissional ser\u00e1 realizada no pr\u00f3ximo dia 15 de fevereiro.<\/p>\n<p>Esp\u00edrito Santo<\/p>\n<p>O Comando Nacional ainda aproveitou a reuni\u00e3o para alertar sobre os riscos para os banc\u00e1rios de os bancos operarem no Espirito Santo, que h\u00e1 dias vive uma onda de viol\u00eancia, com a paralisa\u00e7\u00e3o das pol\u00edcias Civil e Militar. A Fenaban se comprometeu a repassar aos bancos a preocupa\u00e7\u00e3o do Comando com a seguran\u00e7a dos banc\u00e1rios.<\/p>\n<p>Comando discute mobiliza\u00e7\u00e3o para o per\u00edodo<\/p>\n<p>Antes da reuni\u00e3o com os bancos, o Comando Nacional dos Banc\u00e1rios se reuniu na sede da Contraf-CUT, em S\u00e3o Paulo e discutiu v\u00e1rias demandas referentes \u00e0 categoria e \u00e0 classe trabalhadora, como um todo.<\/p>\n<p>Ficou decidido intensificar as mobiliza\u00e7\u00f5es pela prorroga\u00e7\u00e3o do vale-cultura. A cl\u00e1usula 69 da Conven\u00e7\u00e3o Coletiva de Trabalho dos Banc\u00e1rios (CCT 2016-2018), prev\u00ea o direito ao vale-cultura, mas o governo Temer n\u00e3o renovou a lei (12.761\/2012), interrompendo este benef\u00edcio e impedindo os bancos de continuar o pagamento desde o come\u00e7o de 2017.<\/p>\n<p>O Comando Nacional dos Banc\u00e1rios decidiu que enviar\u00e1 comunicado ao sindicatos e federa\u00e7\u00f5es para aumentar a press\u00e3o sobre o governo, para que reedite a Lei, uma vez que o recurso j\u00e1 est\u00e1 previsto no Or\u00e7amento da Uni\u00e3o e a origem do recurso j\u00e1 est\u00e1 prevista pelo Minist\u00e9rio da Fazendo. Outra a\u00e7\u00e3o ser\u00e1 estimular cada banc\u00e1rio para que cobre seu direito, enviando mensagens para os parlamentares e o Minist\u00e9rio da Fazenda, onde o processo de renova\u00e7\u00e3o est\u00e1 parado.<\/p>\n<p>\u201cPrecisamos mobilizar nossas bases para que o governo edite uma nova lei. \u00c9 uma irresponsabilidade do governo Temer n\u00e3o ter renovado este direito dos trabalhadores, conquistado com tanta luta. N\u00f3s exigimos que o programa seja restabelecido\u201d, disse Roberto von der Osten.<\/p>\n<p>Reforma da Previd\u00eancia<\/p>\n<p>Os representantes dos banc\u00e1rios demonstraram preocupa\u00e7\u00e3o com o andamento da reforma da Previd\u00eancia proposta pelo governo Temer, com idade m\u00ednima de 65 para aposentadoria. A reforma trabalhista, que pode exterminar com direitos conquistados pelos trabalhadores, tamb\u00e9m foi outro tema discutido.<\/p>\n<p>\u201c\u00c9 importante que a categoria banc\u00e1ria se articule ainda mais diante das amea\u00e7as aos direitos dos trabalhadores. O risco \u00e9 que o trabalhador n\u00e3o consiga nem se aposentar mais, at\u00e9 em fun\u00e7\u00e3o da qualidade do trabalho em muitos lugares, que acaba diminuindo a expectativa de vida dos funcion\u00e1rios. As propostas do governo Temer afetam a todos e precisamos fazer um debate mais amadurecido sobre estas quest\u00f5es\u201d, afirmou Juvandia Moreira, uma das coordenadoras do Comando Nacional dos Banc\u00e1rios e vice-presidenta da Contraf-CUT.<\/p>\n<p>Fonte: Contraf-CUT<\/p>\n","protected":false},"excerpt":{"rendered":"<p>GT foi conquistado durante a Campanha Nacional 2016, que tinha como uma das suas principais bandeiras, a defesa do emprego O Comando Nacional dos Banc\u00e1rios e a Fenaban se reuniram, nesta quarta-feira (8), para debater os temas do Grupo de Trabalho Bipartite de Requalifica\u00e7\u00e3o e Realoca\u00e7\u00e3o Profissional, em S\u00e3o Paulo. A instala\u00e7\u00e3o do GT foi [&hellip;]<\/p>\n","protected":false},"author":1,"featured_media":0,"comment_status":"","ping_status":"","sticky":false,"template":"","format":"standard","meta":{"footnotes":""},"categories":[3],"tags":[],"class_list":["post-2312","post","type-post","status-publish","format-standard","hentry","category-noticias"],"_links":{"self":[{"href":"https:\/\/hostnetart.com.br\/baixada\/wp-json\/wp\/v2\/posts\/2312","targetHints":{"allow":["GET"]}}],"collection":[{"href":"https:\/\/hostnetart.com.br\/baixada\/wp-json\/wp\/v2\/posts"}],"about":[{"href":"https:\/\/hostnetart.com.br\/baixada\/wp-json\/wp\/v2\/types\/post"}],"author":[{"embeddable":true,"href":"https:\/\/hostnetart.com.br\/baixada\/wp-json\/wp\/v2\/users\/1"}],"replies":[{"embeddable":true,"href":"https:\/\/hostnetart.com.br\/baixada\/wp-json\/wp\/v2\/comments?post=2312"}],"version-history":[{"count":0,"href":"https:\/\/hostnetart.com.br\/baixada\/wp-json\/wp\/v2\/posts\/2312\/revisions"}],"wp:attachment":[{"href":"https:\/\/hostnetart.com.br\/baixada\/wp-json\/wp\/v2\/media?parent=2312"}],"wp:term":[{"taxonomy":"category","embeddable":true,"href":"https:\/\/hostnetart.com.br\/baixada\/wp-json\/wp\/v2\/categories?post=2312"},{"taxonomy":"post_tag","embeddable":true,"href":"https:\/\/hostnetart.com.br\/baixada\/wp-json\/wp\/v2\/tags?post=2312"}],"curies":[{"name":"wp","href":"https:\/\/api.w.org\/{rel}","templated":true}]}}