{"id":2307,"date":"2017-02-08T00:00:00","date_gmt":"2017-02-08T02:00:00","guid":{"rendered":"https:\/\/hostnetart.com.br\/baixada\/santander-paga-plr-no-dia-20-de-fevereiro\/"},"modified":"2017-02-08T00:00:00","modified_gmt":"2017-02-08T02:00:00","slug":"santander-paga-plr-no-dia-20-de-fevereiro","status":"publish","type":"post","link":"https:\/\/hostnetart.com.br\/baixada\/santander-paga-plr-no-dia-20-de-fevereiro\/","title":{"rendered":"Santander paga PLR no dia 20 de fevereiro"},"content":{"rendered":"<p>Antecipa\u00e7\u00e3o do cr\u00e9dito foi solicitada pela Contraf-CUT<\/p>\n<div class=\"content\">\n<p>Ap\u00f3s cobran\u00e7a da Contraf-CUT o Santander informou nesta segunda-feira (6) que vai pagar a segunda parcela da PLR no dia 20\u00a0de fevereiro. Na data, al\u00e9m do pagamento do sal\u00e1rio, o Banco far\u00e1 o pagamento de regra b\u00e1sica da PLR, do adicional de PLR, da PPRS e da vari\u00e1vel semestral, para os eleg\u00edveis. A primeira parcela da PLR foi paga em outubro\u00a0do ano passado.<\/p>\n<p><strong>Antecipa\u00e7\u00e3o<\/strong><\/p>\n<p>A t\u00edtulo de antecipa\u00e7\u00e3o, os banc\u00e1rios receberam em outubro de 2016\u00a0a primeira parcela da PLR, ou 54% do sal\u00e1rio mais fixo de R$ 1.310,12\u00a0limitado a R$ 7.028,15\u00a0e ao teto de 12,8% do lucro l\u00edquido do banco (o que ocorrer primeiro) apurado no primeiro semestre daquele\u00a0ano. Esta parcela ser\u00e1 descontada do total que ser\u00e1 depositado no dia 20.<\/p>\n<p><strong>Regra da PLR<\/strong><\/p>\n<p>A PLR \u00e9 composta por regra b\u00e1sica e parcela adicional. A regra b\u00e1sica corresponde a 90% do sal\u00e1rio do banc\u00e1rio mais uma parte fixa de R$ R$ 2.183,53\u00a0(limitado ao valor individual de R$ 11.713,59). O montante a ser distribu\u00eddo deve alcan\u00e7ar pelo menos 5% do lucro l\u00edquido do banco. Se isso n\u00e3o ocorrer, os valores s\u00e3o aumentados at\u00e9 que atinjam os 5% do resultado ou cheguem a 2,2 sal\u00e1rios dos funcion\u00e1rios, o que ocorrer primeiro (com teto de R$ 25.769,88).<\/p>\n<p>Mesmo em face de um lucro gerencial ter crescido 10,8% em 2016 e dos excelentes resultados, que pr\u00f3prio presidente, Sergio Rial, tem comemorado, o banco, frustrando seus funcion\u00e1rios, informou a Contraf-CUT que na majora\u00e7\u00e3o da PLR ser\u00e1 usado o indutor de 1,2845. Com essa medida, os funcion\u00e1rios n\u00e3o receber\u00e3o a PLR cheia de 2,2 sal\u00e1rios, como muitos esperavam.<\/p>\n<p>O banco informou ainda o valor da PLR adicional que \u00e9 de 3.808,27 para cada funcion\u00e1rio. O Valor da PPRS \u00e9 de no m\u00ednimo 2.200,00 conforme aditivo \u00e0 Conven\u00e7\u00e3o Coletiva assinado no ano passado.<\/p>\n<p>Como exemplos, veja as tabelas abaixo:<\/p>\n<p><strong>Sem PPRS<\/strong><\/p>\n<p><a class=\"has-subtitle img\" title=\"\" href=\"http:\/\/admin.contrafcut.org.br\/system\/uploads\/ck\/images\/Eu%20tab_01.jpg\" data-lightbox=\"lightbox\" data-title=\"\"><\/a><br \/><strong>Com PPRS<\/strong><\/p>\n<p><a class=\"has-subtitle img\" title=\"\" href=\"http:\/\/admin.contrafcut.org.br\/system\/uploads\/ck\/images\/eu%20tab_02.jpg\" data-lightbox=\"lightbox\" data-title=\"\"><img decoding=\"async\" src=\"http:\/\/www.contrafcut.org.br\/images\/_ec151d6347296567d9e9bf11a4e53104.jpg\" alt=\"\" \/><\/a><\/p>\n<p><strong>PLR sem IR \u2013\u00a0<\/strong>Desde 2013, fruto da mobiliza\u00e7\u00e3o do movimento sindical, os banc\u00e1rios tamb\u00e9m t\u00eam direito a uma tabela de tributa\u00e7\u00e3o exclusiva da PLR, que garante isen\u00e7\u00e3o para quem recebe at\u00e9 R$ 6.677,55 e descontos a partir desse valor. Assim, todos pagar\u00e3o menos imposto de renda, independentemente de quanto recebem como participa\u00e7\u00e3o nos lucros.<\/p>\n<p>\u00c9 importante lembrar que a tributa\u00e7\u00e3o se d\u00e1 sobre a PLR da CCT somada ao valor dos programas pr\u00f3prios de participa\u00e7\u00e3o nos lucros de cada banco. E tamb\u00e9m que a cobran\u00e7a da Receita tem como refer\u00eancia todos os valores recebidos dentro do ano fiscal, ou seja, a segunda parcela da PLR do ano anterior, que \u00e9 paga at\u00e9 mar\u00e7o, e a primeira parcela da PLR do ano corrente, paga no segundo semestre.<\/p>\n<p>Por exemplo, se o trabalhador receber agora R$ 5 mil como segunda parcela da PLR 2015, n\u00e3o ter\u00e1 nenhum desconto de IR, mas o tributo ser\u00e1 recalculado quando for creditada a primeira parcela da PLR 2016. Ainda assim, os banc\u00e1rios pagam bem menos imposto gra\u00e7as \u00e0 conquista da tabela progressiva.<\/p>\n<p>O desconto ocorre sempre na fonte, j\u00e1 que as novas regras estabelecem que a PLR n\u00e3o faz parte dos valores contabilizados na declara\u00e7\u00e3o de ajuste anual.<\/p>\n<\/div>\n<p id=\"page-author\">Fonte: Contraf-CUT<\/p>\n","protected":false},"excerpt":{"rendered":"<p>Antecipa\u00e7\u00e3o do cr\u00e9dito foi solicitada pela Contraf-CUT Ap\u00f3s cobran\u00e7a da Contraf-CUT o Santander informou nesta segunda-feira (6) que vai pagar a segunda parcela da PLR no dia 20\u00a0de fevereiro. Na data, al\u00e9m do pagamento do sal\u00e1rio, o Banco far\u00e1 o pagamento de regra b\u00e1sica da PLR, do adicional de PLR, da PPRS e da vari\u00e1vel [&hellip;]<\/p>\n","protected":false},"author":1,"featured_media":0,"comment_status":"","ping_status":"","sticky":false,"template":"","format":"standard","meta":{"footnotes":""},"categories":[3],"tags":[],"class_list":["post-2307","post","type-post","status-publish","format-standard","hentry","category-noticias"],"_links":{"self":[{"href":"https:\/\/hostnetart.com.br\/baixada\/wp-json\/wp\/v2\/posts\/2307","targetHints":{"allow":["GET"]}}],"collection":[{"href":"https:\/\/hostnetart.com.br\/baixada\/wp-json\/wp\/v2\/posts"}],"about":[{"href":"https:\/\/hostnetart.com.br\/baixada\/wp-json\/wp\/v2\/types\/post"}],"author":[{"embeddable":true,"href":"https:\/\/hostnetart.com.br\/baixada\/wp-json\/wp\/v2\/users\/1"}],"replies":[{"embeddable":true,"href":"https:\/\/hostnetart.com.br\/baixada\/wp-json\/wp\/v2\/comments?post=2307"}],"version-history":[{"count":0,"href":"https:\/\/hostnetart.com.br\/baixada\/wp-json\/wp\/v2\/posts\/2307\/revisions"}],"wp:attachment":[{"href":"https:\/\/hostnetart.com.br\/baixada\/wp-json\/wp\/v2\/media?parent=2307"}],"wp:term":[{"taxonomy":"category","embeddable":true,"href":"https:\/\/hostnetart.com.br\/baixada\/wp-json\/wp\/v2\/categories?post=2307"},{"taxonomy":"post_tag","embeddable":true,"href":"https:\/\/hostnetart.com.br\/baixada\/wp-json\/wp\/v2\/tags?post=2307"}],"curies":[{"name":"wp","href":"https:\/\/api.w.org\/{rel}","templated":true}]}}