{"id":2297,"date":"2015-09-11T00:00:00","date_gmt":"2015-09-11T03:00:00","guid":{"rendered":"https:\/\/hostnetart.com.br\/baixada\/bancarios-participam-do-ato-da-cut-no-dia-15-de-setembro\/"},"modified":"2015-09-11T00:00:00","modified_gmt":"2015-09-11T03:00:00","slug":"bancarios-participam-do-ato-da-cut-no-dia-15-de-setembro","status":"publish","type":"post","link":"https:\/\/hostnetart.com.br\/baixada\/bancarios-participam-do-ato-da-cut-no-dia-15-de-setembro\/","title":{"rendered":"Banc\u00e1rios participam do ato da CUT no dia 15 de setembro"},"content":{"rendered":"<p><span style=\"color: #464646;\">Os banc\u00e1rios participar\u00e3o do ato dia 15 de setembro, que unir\u00e1 as principais categorias brasileiras com data-base no segundo semestre de 2015. A defini\u00e7\u00e3o saiu de reuni\u00e3o entre a Contraf- CUT e o Comando Nacional, realizada na quarta-feira, sobre a participa\u00e7\u00e3o das federa\u00e7\u00f5es e dos sindicatos.<\/span><br style=\"color: #464646;\" \/><br style=\"color: #464646;\" \/><span style=\"color: #464646;\">Com o mote \u201cEm Defesa da Democracia, do Emprego e do Sal\u00e1rio\u201d, a categoria ir\u00e1 organizar atividades em todas as regi\u00f5es do Pa\u00eds, com atraso na abertura das ag\u00eancias e paralisa\u00e7\u00f5es nas unidades. \u201cO objetivo \u00e9 dialogar com os trabalhadores sobre as negocia\u00e7\u00f5es da Campanha Nacional e mostrar a import\u00e2ncia de mantermo-nos mobilizados em defesa da democracia e em busca de sa\u00eddas \u00e0 esta onda de conservadorismo que nos atinge diretamente\u201d, convocou Roberto von der Osten, presidente da Contraf-CUT.<\/span><br style=\"color: #464646;\" \/><br style=\"color: #464646;\" \/><span style=\"color: #464646;\">Estas mobiliza\u00e7\u00f5es fazem parte do calend\u00e1rio de manifesta\u00e7\u00f5es de rua que a Central \u00danica dos Trabalhadores implementar\u00e1 para simbolizar o lan\u00e7amento unificado das campanhas salariais. \u201cAproveito a oportunidade para saudar as entidades que realizaram manifesta\u00e7\u00f5es da campanha no dia 9 de setembro, durante a terceira rodada de negocia\u00e7\u00f5es com a Fenaban, indicadas pelo Comando Nacional\u201d, completou.<\/span><br style=\"color: #464646;\" \/><br style=\"color: #464646;\" \/><span style=\"color: #464646;\">A CUT recomenda que cada categoria trabalhe sua pauta de reivindica\u00e7\u00e3o nos atos e mostre que o objetivo \u00e9 lutar contra a retirada de direitos e melhorias nas condi\u00e7\u00f5es de trabalho.\u00a0<\/span><br style=\"color: #464646;\" \/><br style=\"color: #464646;\" \/><span style=\"color: #464646;\">Fonte: Contraf-CUT<\/span><\/p>\n","protected":false},"excerpt":{"rendered":"<p>Os banc\u00e1rios participar\u00e3o do ato dia 15 de setembro, que unir\u00e1 as principais categorias brasileiras com data-base no segundo semestre de 2015. A defini\u00e7\u00e3o saiu de reuni\u00e3o entre a Contraf- CUT e o Comando Nacional, realizada na quarta-feira, sobre a participa\u00e7\u00e3o das federa\u00e7\u00f5es e dos sindicatos.Com o mote \u201cEm Defesa da Democracia, do Emprego e [&hellip;]<\/p>\n","protected":false},"author":1,"featured_media":0,"comment_status":"","ping_status":"","sticky":false,"template":"","format":"standard","meta":{"footnotes":""},"categories":[3],"tags":[],"class_list":["post-2297","post","type-post","status-publish","format-standard","hentry","category-noticias"],"_links":{"self":[{"href":"https:\/\/hostnetart.com.br\/baixada\/wp-json\/wp\/v2\/posts\/2297","targetHints":{"allow":["GET"]}}],"collection":[{"href":"https:\/\/hostnetart.com.br\/baixada\/wp-json\/wp\/v2\/posts"}],"about":[{"href":"https:\/\/hostnetart.com.br\/baixada\/wp-json\/wp\/v2\/types\/post"}],"author":[{"embeddable":true,"href":"https:\/\/hostnetart.com.br\/baixada\/wp-json\/wp\/v2\/users\/1"}],"replies":[{"embeddable":true,"href":"https:\/\/hostnetart.com.br\/baixada\/wp-json\/wp\/v2\/comments?post=2297"}],"version-history":[{"count":0,"href":"https:\/\/hostnetart.com.br\/baixada\/wp-json\/wp\/v2\/posts\/2297\/revisions"}],"wp:attachment":[{"href":"https:\/\/hostnetart.com.br\/baixada\/wp-json\/wp\/v2\/media?parent=2297"}],"wp:term":[{"taxonomy":"category","embeddable":true,"href":"https:\/\/hostnetart.com.br\/baixada\/wp-json\/wp\/v2\/categories?post=2297"},{"taxonomy":"post_tag","embeddable":true,"href":"https:\/\/hostnetart.com.br\/baixada\/wp-json\/wp\/v2\/tags?post=2297"}],"curies":[{"name":"wp","href":"https:\/\/api.w.org\/{rel}","templated":true}]}}