{"id":2291,"date":"2017-02-08T00:00:00","date_gmt":"2017-02-08T02:00:00","guid":{"rendered":"https:\/\/hostnetart.com.br\/baixada\/comissao-parlamentar-vai-apurar-impactos-do-fechamento-de-agencias-no-banco-do-brasil\/"},"modified":"2017-02-08T00:00:00","modified_gmt":"2017-02-08T02:00:00","slug":"comissao-parlamentar-vai-apurar-impactos-do-fechamento-de-agencias-no-banco-do-brasil","status":"publish","type":"post","link":"https:\/\/hostnetart.com.br\/baixada\/comissao-parlamentar-vai-apurar-impactos-do-fechamento-de-agencias-no-banco-do-brasil\/","title":{"rendered":"Comiss\u00e3o Parlamentar vai apurar impactos do fechamento de ag\u00eancias no Banco do Brasil"},"content":{"rendered":"<p>Sindicato realiza manifesta\u00e7\u00e3o em Copacabana e anuncia novos protestos contra a reestrutura\u00e7\u00e3o nos bancos p\u00fablicos imposta pelo governo Temer<\/p>\n<p>O deputado estadual Gilberto Palmares (PT), que participou da manifesta\u00e7\u00e3o dos banc\u00e1rios em Copacabana, na quarta-feira. 1\u00ba de fevereiro, contra a reestrutura\u00e7\u00e3o no Banco do Brasil, anunciou a cria\u00e7\u00e3o de uma Comiss\u00e3o Especial na Alerj (Assembleia Legislativa do Rio de Janeiro) para avaliar os impactos econ\u00f4micos e sociais do fechamento de ag\u00eancias de bancos p\u00fablicos no Estado do Rio de Janeiro. O parlamentar lembra que j\u00e1 conseguiu 41 assinaturas para a cria\u00e7\u00e3o da comiss\u00e3o, que ter\u00e1 120 dias para a conclus\u00e3o do levantamento.<\/p>\n<p>Na mesma data do protesto, o banco come\u00e7ou a descomissionar v\u00e1rios funcion\u00e1rios, que est\u00e3o indignados com a postura arbitr\u00e1ria do BB. O Sindicato denuncia que o desmonte imposto pela dire\u00e7\u00e3o do banco \u00e9 parte do projeto do governo Michel Temer para privatizar empresas p\u00fablicas e estatais. Na manifesta\u00e7\u00e3o realizada pela categoria nas unidades do Lido e do Leme, que possuem uma ampla maioria de clientes idosos, os sindicalistas distribu\u00edram uma carta \u00e0 popula\u00e7\u00e3o, que ficou indignada com a not\u00edcia do fechamento das duas ag\u00eancias e de um total de 40 unidades em todo o Munic\u00edpio do Rio de Janeiro.<\/p>\n<p>\u00a0<\/p>\n<p>Caos nas ag\u00eancias<\/p>\n<p>Na ag\u00eancia Lido, os sindicalistas encontraram um verdadeiro caos: a unidade n\u00e3o tem porta-girat\u00f3ria, colocando em risco a seguran\u00e7a de funcion\u00e1rios e clientes e est\u00e1 sem ar-condicionado.<br \/>\u201cOs clientes j\u00e1 passam um tremendo perrengue com ag\u00eancias superlotadas e horas nas filas para serem atendidos. Imagine o caos que ser\u00e1 com o fechamento de mais unidades. Est\u00e1 na cara que a l\u00f3gica do governo \u00e9 abrir espa\u00e7o para o mercado privado e consolidar o projeto de privatiza\u00e7\u00e3o do banco\u201d, afirma o diretor da Contraf-CUT, Marcello Azevedo.<\/p>\n<p>\u00a0<\/p>\n<p>Novos protestos<\/p>\n<p>O Sindicato anunciou que vai realizar novos protestos contra a reestrutura\u00e7\u00e3o no BB. Na Zona Sul, a dire\u00e7\u00e3o do BB vai fechar tamb\u00e9m a unidade da Almirante Gon\u00e7alves, tamb\u00e9m em Copacabana, al\u00e9m das duas ag\u00eancias do Flamengo e uma na Urca. Ser\u00e3o atingidos tamb\u00e9m os bairros de Laranjeiras e G\u00e1vea. Na Barra da Tijuca e Recreio, ser\u00e3o cinco unidades fechadas. O primeiro ato p\u00fablico das caravanas do Sindicato realizadas este ano ocorreu justamente na ag\u00eancia \u201ccentro\u201d da Barra da Tijuca.<\/p>\n<p>Fonte: Seeb-Rio<\/p>\n","protected":false},"excerpt":{"rendered":"<p>Sindicato realiza manifesta\u00e7\u00e3o em Copacabana e anuncia novos protestos contra a reestrutura\u00e7\u00e3o nos bancos p\u00fablicos imposta pelo governo Temer O deputado estadual Gilberto Palmares (PT), que participou da manifesta\u00e7\u00e3o dos banc\u00e1rios em Copacabana, na quarta-feira. 1\u00ba de fevereiro, contra a reestrutura\u00e7\u00e3o no Banco do Brasil, anunciou a cria\u00e7\u00e3o de uma Comiss\u00e3o Especial na Alerj (Assembleia [&hellip;]<\/p>\n","protected":false},"author":1,"featured_media":0,"comment_status":"","ping_status":"","sticky":false,"template":"","format":"standard","meta":{"footnotes":""},"categories":[3],"tags":[],"class_list":["post-2291","post","type-post","status-publish","format-standard","hentry","category-noticias"],"_links":{"self":[{"href":"https:\/\/hostnetart.com.br\/baixada\/wp-json\/wp\/v2\/posts\/2291","targetHints":{"allow":["GET"]}}],"collection":[{"href":"https:\/\/hostnetart.com.br\/baixada\/wp-json\/wp\/v2\/posts"}],"about":[{"href":"https:\/\/hostnetart.com.br\/baixada\/wp-json\/wp\/v2\/types\/post"}],"author":[{"embeddable":true,"href":"https:\/\/hostnetart.com.br\/baixada\/wp-json\/wp\/v2\/users\/1"}],"replies":[{"embeddable":true,"href":"https:\/\/hostnetart.com.br\/baixada\/wp-json\/wp\/v2\/comments?post=2291"}],"version-history":[{"count":0,"href":"https:\/\/hostnetart.com.br\/baixada\/wp-json\/wp\/v2\/posts\/2291\/revisions"}],"wp:attachment":[{"href":"https:\/\/hostnetart.com.br\/baixada\/wp-json\/wp\/v2\/media?parent=2291"}],"wp:term":[{"taxonomy":"category","embeddable":true,"href":"https:\/\/hostnetart.com.br\/baixada\/wp-json\/wp\/v2\/categories?post=2291"},{"taxonomy":"post_tag","embeddable":true,"href":"https:\/\/hostnetart.com.br\/baixada\/wp-json\/wp\/v2\/tags?post=2291"}],"curies":[{"name":"wp","href":"https:\/\/api.w.org\/{rel}","templated":true}]}}