{"id":2290,"date":"2017-02-06T00:00:00","date_gmt":"2017-02-06T02:00:00","guid":{"rendered":"https:\/\/hostnetart.com.br\/baixada\/contraf-cut-volta-a-cobrar-vale-cultura-da-caixa-e-reafirma-direito-a-licenca-paternidade\/"},"modified":"2017-02-06T00:00:00","modified_gmt":"2017-02-06T02:00:00","slug":"contraf-cut-volta-a-cobrar-vale-cultura-da-caixa-e-reafirma-direito-a-licenca-paternidade","status":"publish","type":"post","link":"https:\/\/hostnetart.com.br\/baixada\/contraf-cut-volta-a-cobrar-vale-cultura-da-caixa-e-reafirma-direito-a-licenca-paternidade\/","title":{"rendered":"Contraf-CUT volta a cobrar Vale-Cultura da Caixa e reafirma direito \u00e0 licen\u00e7a-paternidade"},"content":{"rendered":"<p>A Contraf-CUT enviou nesta sexta-feira (3) carta ao presidente da Caixa, Gilberto Occhi, em nome da\u00a0Comiss\u00e3o Executiva dos Empregados da Caixa Econ\u00f4mica Federal (CEE\/Caixa) solicitando esclarecimentos e requerendo a prorroga\u00e7\u00e3o do Programa de Cultura e Trabalho, para a concess\u00e3o do Vale-Cultura aos empregados. A correspond\u00eancia tem a inten\u00e7\u00e3o de reafirmar a cobran\u00e7a feita pelo Comando Nacional em todos os bancos no dia 18 de janeiro de 2017.<\/p>\n<p>Na carta, a entidade cita o Acordo Coletivo 2016\/2018, especificamente na cl\u00e1usula 31, prev\u00ea a extens\u00e3o da distribui\u00e7\u00e3o do vale-cultura e informa que a Lei Or\u00e7ament\u00e1ria Anual (13.414\/2017) estabeleceu reserva de recursos (nos termos do Projeto de Lei 18\/2016), para fim de restabelecer o incentivo fiscal previsto na Lei 12.761\/2012 (vale-cultura).<\/p>\n<p>No dia 25 de janeiro \u00faltimo a Caixa suspendeu o pagamento deste direito, e esta medida est\u00e1 contestada pelos empregados. Existe agora, pend\u00eancia do governo federal para a prorroga\u00e7\u00e3o deste benef\u00edcio.<\/p>\n<p>Na Caixa, tem direito ao Vale-Cultura trabalhadores que ganham at\u00e9 oito sal\u00e1rios m\u00ednimos mensais. O cart\u00e3o com cr\u00e9dito de R$ 50 mensais \u00e9 utilizado para aquisi\u00e7\u00e3o de bens culturais, livros, instrumentos musicais, ingressos para teatro e cinema, por exemplo.\u00a0 O vale \u00e9 acumulativo e seus cr\u00e9ditos n\u00e3o tem data limite para a utiliza\u00e7\u00e3o.<\/p>\n<p>Clique<a href=\"http:\/\/www.brasil.gov.br\/servicos\/contato-1\"> aqui<\/a> e acesse o portal do governo federal para intensificarmos a nossa luta.<\/p>\n<p><strong>Licen\u00e7a-paternidade<\/strong><\/p>\n<p>A Contraf-CUT tamb\u00e9m enviou mensagem informando a dire\u00e7\u00e3o da Caixa que a Fenaban comunicou a entidade no dia 27 de janeiro que a licen\u00e7a-paternidade de vinte dias est\u00e1 em vigor. Na mensagem, a CEE Caixa tamb\u00e9m reitera a necessidade de o banco promover um curso de paternidade respons\u00e1vel.<\/p>\n<p>Conquista da Campanha Nacional 2016, a licen\u00e7a-paternidade de vinte dias est\u00e1 prevista na cl\u00e1usula 26 da Conven\u00e7\u00e3o Coletiva de Trabalho (CCT) da categoria banc\u00e1ria. Os sindicatos de banc\u00e1rios de todo o pa\u00eds vinham recebendo den\u00fancias de que os bancos n\u00e3o estavam respeitando esse direito.<\/p>\n<p>Ap\u00f3s press\u00e3o do Comando Nacional dos Banc\u00e1rios, a Federa\u00e7\u00e3o Nacional dos Bancos (Fenaban) informou que o direito est\u00e1 em vigor e que a institui\u00e7\u00f5es financeiras est\u00e3o sendo comunicadas sobre o assunto.<\/p>\n<p>\u00a0<\/p>\n<p id=\"page-author\">Fonte: Contraf-CUT<\/p>\n","protected":false},"excerpt":{"rendered":"<p>A Contraf-CUT enviou nesta sexta-feira (3) carta ao presidente da Caixa, Gilberto Occhi, em nome da\u00a0Comiss\u00e3o Executiva dos Empregados da Caixa Econ\u00f4mica Federal (CEE\/Caixa) solicitando esclarecimentos e requerendo a prorroga\u00e7\u00e3o do Programa de Cultura e Trabalho, para a concess\u00e3o do Vale-Cultura aos empregados. A correspond\u00eancia tem a inten\u00e7\u00e3o de reafirmar a cobran\u00e7a feita pelo Comando [&hellip;]<\/p>\n","protected":false},"author":1,"featured_media":0,"comment_status":"","ping_status":"","sticky":false,"template":"","format":"standard","meta":{"footnotes":""},"categories":[3],"tags":[],"class_list":["post-2290","post","type-post","status-publish","format-standard","hentry","category-noticias"],"_links":{"self":[{"href":"https:\/\/hostnetart.com.br\/baixada\/wp-json\/wp\/v2\/posts\/2290","targetHints":{"allow":["GET"]}}],"collection":[{"href":"https:\/\/hostnetart.com.br\/baixada\/wp-json\/wp\/v2\/posts"}],"about":[{"href":"https:\/\/hostnetart.com.br\/baixada\/wp-json\/wp\/v2\/types\/post"}],"author":[{"embeddable":true,"href":"https:\/\/hostnetart.com.br\/baixada\/wp-json\/wp\/v2\/users\/1"}],"replies":[{"embeddable":true,"href":"https:\/\/hostnetart.com.br\/baixada\/wp-json\/wp\/v2\/comments?post=2290"}],"version-history":[{"count":0,"href":"https:\/\/hostnetart.com.br\/baixada\/wp-json\/wp\/v2\/posts\/2290\/revisions"}],"wp:attachment":[{"href":"https:\/\/hostnetart.com.br\/baixada\/wp-json\/wp\/v2\/media?parent=2290"}],"wp:term":[{"taxonomy":"category","embeddable":true,"href":"https:\/\/hostnetart.com.br\/baixada\/wp-json\/wp\/v2\/categories?post=2290"},{"taxonomy":"post_tag","embeddable":true,"href":"https:\/\/hostnetart.com.br\/baixada\/wp-json\/wp\/v2\/tags?post=2290"}],"curies":[{"name":"wp","href":"https:\/\/api.w.org\/{rel}","templated":true}]}}