{"id":2285,"date":"2017-02-02T00:00:00","date_gmt":"2017-02-02T02:00:00","guid":{"rendered":"https:\/\/hostnetart.com.br\/baixada\/contraf-cut-apoia-a-chapa-banesprev-somos-nos-para-colegiados-do-banesprev\/"},"modified":"2017-02-02T00:00:00","modified_gmt":"2017-02-02T02:00:00","slug":"contraf-cut-apoia-a-chapa-banesprev-somos-nos-para-colegiados-do-banesprev","status":"publish","type":"post","link":"https:\/\/hostnetart.com.br\/baixada\/contraf-cut-apoia-a-chapa-banesprev-somos-nos-para-colegiados-do-banesprev\/","title":{"rendered":"Contraf-CUT apoia a Chapa Banesprev Somos N\u00f3s para colegiados do Banesprev"},"content":{"rendered":"<p>Entre os candidatos que comp\u00f5em a Chapa \u201cBanesprev Somos N\u00f3s\u201d, est\u00e1 o secret\u00e1rio-executivo da Contraf-CUT, Mario Raia, que ingressou no Banespa em 1985<\/p>\n<p>Entre os dias 6 e 20 de fevereiro, os participantes do Banesprev v\u00e3o eleger os representantes para a Diretoria Administrativa, Diretoria Financeira, Conselho Fiscal, dois membros para o Conselho Deliberativo e dois membros para o Comit\u00ea de Investimentos. Ser\u00e1 a maior elei\u00e7\u00e3o de cargos da hist\u00f3ria do fundo, que completar\u00e1 30 anos no mesmo m\u00eas.<\/p>\n<p>A Contraf-CUT, sindicatos e federa\u00e7\u00f5es, assim como a Afubesp, entidade importante na luta em defesa dos empregos e direitos dos funcion\u00e1rios da ativa e aposentados do Santander\/ Banespa, recomendam o voto na chapa Banesprev Somos N\u00f3s, que traz Mario Raia para diretor financeiro, Mauricio Danno para diretor administrativo, Walter Oliveira e Maria Auxiliadora (vote nos dois) para o Conselho Deliberativo, Marcia Campos para o Conselho Fiscal, S\u00e9rgio Augusto e Stela para o Comit\u00ea de Investimentos (vote nos dois).<\/p>\n<p>O Banesprev, que j\u00e1 era uma grande conquista para todos os funcion\u00e1rios do Banespa, tamb\u00e9m passou a administrar os recursos dos antigos funcion\u00e1rios do Banco Santander Meridional (caixinhas assistenciais), no final de 2015 e agora no primeiro dia \u00fatil de 2017, recebeu os participantes do Sanprev, entidade criada na \u00e9poca do Banco Noroeste. Os participantes do Sanprev n\u00e3o poder\u00e3o participar deste pleito eleitoral, tendo em vista que na publica\u00e7\u00e3o do edital, em 26\/10\/2016, ainda n\u00e3o faziam parte do Banesprev.<\/p>\n<p>O pr\u00f3ximo mandato, que ocorrer\u00e1 no tri\u00eanio 2017\/2020, ser\u00e1 de dif\u00edcil travessia para todos os participantes por conta dos ataques que o Santander est\u00e1 disposto a fazer junto \u00e0 entidade, atrav\u00e9s de uma reforma estatut\u00e1ria.<\/p>\n<p>A situa\u00e7\u00e3o \u00e9 t\u00e3o grave que conseguiu atender a um antigo pleito de todos os banespianos: a uni\u00e3o de todas as associa\u00e7\u00f5es de representa\u00e7\u00e3o dos antigos funcion\u00e1rios do Banespa (Afubesp, Afabesp e Abesprev). Outro tema que necessitar\u00e1 total aten\u00e7\u00e3o \u00e9 a situa\u00e7\u00e3o deficit\u00e1ria do plano II, (dos funcion\u00e1rios com contrato de trabalho do antigo Banespa, Santander, Isban e Produban), que abriga aproximadamente 11.000 participantes.<\/p>\n<p>A chapa Banesprev Somos N\u00f3s \u00e9 composta de aposentados e ativos, com representantes experientes que acumulam vasta experi\u00eancia t\u00e9cnica e pol\u00edtica na representa\u00e7\u00e3o.<\/p>\n<p>\u201cPedimos seu voto para chapa Banesprev Somos N\u00f3s, cujos candidatos apresentam conhecimento t\u00e9cnico, disposi\u00e7\u00e3o de luta e comprometimento com os banespianos, com j\u00e1 demonstrado diversas vezes, na defesa do patrim\u00f4nio e governan\u00e7a do fundo de pens\u00e3o\u201d, destaca Mario Raia, candidato a diretor financeiro e secret\u00e1rio de Rela\u00e7\u00f5es Internacionais da Contraf-CUT.<\/p>\n<p>Como votar<\/p>\n<p>Os participantes podem votar via correio ou pela internet.O material de vota\u00e7\u00e3o est\u00e1 sendo enviado pelo Banesprev para a casa de cada participante, contendo um envelope-resposta, uma c\u00e9dula de vota\u00e7\u00e3o e orienta\u00e7\u00f5es (com senha) de como votar pela internet.<\/p>\n<p>Conhe\u00e7a a Chapa Banesprev Somos N\u00f3s<\/p>\n<p>Mario Raia \u2013 Diretoria Financeira<\/p>\n<p>Admitido no Banespa em 1985, \u00e9 graduado em F\u00edsica pela USP, p\u00f3s-graduado em Economia do Trabalho pela Unicamp e Pol\u00edticas de Economia Global pela Faculdade de Economia e Direito de Berlin (Alemanha). Foi analista de sistemas, de planejamento e de patrim\u00f4nio no Santander. Eleito conselheiro fiscal do Banesprev (2007\/2010) e integrante do Comit\u00ea Gestor do Plano II do Banesprev (2011\/2012). Foi coordenador da Comiss\u00e3o de Organiza\u00e7\u00e3o dos Empregados do Santander \u2013 levando as demandas dos banespianos nas reuni\u00f5es do Comit\u00ea de Rela\u00e7\u00f5es Trabalhistas. Atualmente \u00e9 secret\u00e1rio de Rela\u00e7\u00f5es Internacionais da Contraf-CUT.<\/p>\n<p>Mauricio Danno \u2013 Diretoria Administrativa<\/p>\n<p>Ingressou em 1990 no Banespa como escritur\u00e1rio, passando pelas fun\u00e7\u00f5es de caixa, supervisor de atendimento e tesoureiro. Ap\u00f3s a privatiza\u00e7\u00e3o do banco, passou a ocupar o cargo de gerente de relacionamento Van Gogh II no Santander. Est\u00e1 lotado no PV USP HC e faz parte da diretoria do Sindicato dos Banc\u00e1rios de S\u00e3o Paulo. Formado em Administra\u00e7\u00e3o de Empresas pela Escola Superior de Administra\u00e7\u00e3o de Neg\u00f3cios de S\u00e3o Paulo (ESAN) e especializado em mercado financeiro e capitais. Possui cerfica\u00e7\u00e3o CPA 10 pela Anbima.<\/p>\n<p>Conselho Deliberativo (vote nos dois nomes)<\/p>\n<p>Maria Auxiliadora &#8211; Aposentada do Plano II do Banesprev, \u00e9 economista formada pela Puc-SP, possui MBA executivo em Finan\u00e7as pelo IBMEC SP, certifica\u00e7\u00e3o em gest\u00e3o de Previd\u00eancia Complementar, com \u00eanfase em investimentos pelo ICSS. Foi eleita Diretora Financeira, diretora Administrativa, e Conselheira Deliberativa do Banesprev, de 2001 a 2006. Ingressou no banco em 1979, passou pela Administra\u00e7\u00e3o Geral como economista, foi sub-gerente e gerente de cr\u00e9dito imobili\u00e1rio e poupan\u00e7a.<br \/>Atualmente, \u00e9 consultora da Anapar (Associa\u00e7\u00e3o Nacional dos Participantes de Fundos de Pens\u00e3o)<\/p>\n<p>Walter Oliveira &#8211; Ingressou no Banespa em 1983, \u00e9 bacharel em Ci\u00eancias Econ\u00f4micas, tendo atuado no departamento financeiro e de Cr\u00e9dito Imobili\u00e1rio. Foi eleito para o Conselho Fiscal do Banesprev (2004-2005) para a diretoria Administrativa (2005 -2007) e Financeira (2007-2009). Foi coordenador do Comit\u00ea Gestor do Plano II (2012-2014) e eleito no Conselho Deliberativo (2015-2017).<br \/>\u00c9 Conselheiro da Anapar, dirigente da Fetec-CUT e secret\u00e1rio-geral da Afubesp. Possui certifica\u00e7\u00e3o por Experi\u00eancia de Profissionais do ICSS para atuar em entidades de previd\u00eancia complementar na \u00e1rea de investimentos.<\/p>\n<p>M\u00e1rcia Campos \u2013 Conselho Fiscal<br \/>Aposentada do Plano II, ingressou no Banespa em 1989, onde trabalhou no Departamento de Planejamento at\u00e9 2000. Em seguida, iniciou no Banesprev, primeiro como Analista de Investimentos (2001\/2002) e depois como Gerente Financeira (2003\/2006). Fez mestrado em Economia na PUC-SP e possui extens\u00e3o universit\u00e1ria em Gest\u00e3o de Fundo de Pens\u00e3o na FGV. Foi eleita por tr\u00eas mandatos (em 2007\/2009, 2011\/2013 e 2014\/2016, como suplente) no Comit\u00ea de Investimentos.<br \/>Possui certifica\u00e7\u00e3o do ICSS para atuar na \u00e1rea de Investimentos das Entidades de Previd\u00eancia Complementar e est\u00e1 concluindo a certifica\u00e7\u00e3o pela ANBIMA \u2013 CPA-20.<\/p>\n<p>Comit\u00ea de Investimentos (vote nos dois nomes)<\/p>\n<p>S\u00e9rgio Augusto &#8211; Entrou no Banespa em 1988, foi escritur\u00e1rio, caixa, gerente de Pessoa F\u00edsica, Preferencial, Pymes e Van Gogh. \u00c9 diretor do Sindicato dos Banc\u00e1rios de S\u00e3o Paulo e da Afubesp. \u00c9 graduado em Ci\u00eancias Sociais e possui certifica\u00e7\u00e3o CPA 10 desde 2005.<\/p>\n<p>Ana Stela Alves de Lima &#8211; Atualmente na supl\u00eancia integrante eleita no Comit\u00ea de Investimentos e presidente do Sindicato dos Banc\u00e1rios de Campinas e Regi\u00e3o. Ingressou no Banespa em 1988. Foi eleita em 1990 para o Conselho de Representa\u00e7\u00e3o (Corep). \u00c9 graduada em Gest\u00e3o Financeira em 2013 pela Universidade Paulista (Unip). Participou das negocia\u00e7\u00f5es para cria\u00e7\u00e3o do Banesprev.<\/p>\n<p>Leia aqui o jornal de campanha da chapa Banesprev Somos N\u00f3s<\/p>\n<p>Fonte: Contraf-CUT com Afubesp<\/p>\n","protected":false},"excerpt":{"rendered":"<p>Entre os candidatos que comp\u00f5em a Chapa \u201cBanesprev Somos N\u00f3s\u201d, est\u00e1 o secret\u00e1rio-executivo da Contraf-CUT, Mario Raia, que ingressou no Banespa em 1985 Entre os dias 6 e 20 de fevereiro, os participantes do Banesprev v\u00e3o eleger os representantes para a Diretoria Administrativa, Diretoria Financeira, Conselho Fiscal, dois membros para o Conselho Deliberativo e dois [&hellip;]<\/p>\n","protected":false},"author":1,"featured_media":0,"comment_status":"","ping_status":"","sticky":false,"template":"","format":"standard","meta":{"footnotes":""},"categories":[3],"tags":[],"class_list":["post-2285","post","type-post","status-publish","format-standard","hentry","category-noticias"],"_links":{"self":[{"href":"https:\/\/hostnetart.com.br\/baixada\/wp-json\/wp\/v2\/posts\/2285","targetHints":{"allow":["GET"]}}],"collection":[{"href":"https:\/\/hostnetart.com.br\/baixada\/wp-json\/wp\/v2\/posts"}],"about":[{"href":"https:\/\/hostnetart.com.br\/baixada\/wp-json\/wp\/v2\/types\/post"}],"author":[{"embeddable":true,"href":"https:\/\/hostnetart.com.br\/baixada\/wp-json\/wp\/v2\/users\/1"}],"replies":[{"embeddable":true,"href":"https:\/\/hostnetart.com.br\/baixada\/wp-json\/wp\/v2\/comments?post=2285"}],"version-history":[{"count":0,"href":"https:\/\/hostnetart.com.br\/baixada\/wp-json\/wp\/v2\/posts\/2285\/revisions"}],"wp:attachment":[{"href":"https:\/\/hostnetart.com.br\/baixada\/wp-json\/wp\/v2\/media?parent=2285"}],"wp:term":[{"taxonomy":"category","embeddable":true,"href":"https:\/\/hostnetart.com.br\/baixada\/wp-json\/wp\/v2\/categories?post=2285"},{"taxonomy":"post_tag","embeddable":true,"href":"https:\/\/hostnetart.com.br\/baixada\/wp-json\/wp\/v2\/tags?post=2285"}],"curies":[{"name":"wp","href":"https:\/\/api.w.org\/{rel}","templated":true}]}}