{"id":2284,"date":"2017-02-02T00:00:00","date_gmt":"2017-02-02T02:00:00","guid":{"rendered":"https:\/\/hostnetart.com.br\/baixada\/contraf-cut-assina-acordo-coletivo-de-pcr-e-ponto-eletronico-com-o-banco-itau-no-proximo-dia-6\/"},"modified":"2017-02-02T00:00:00","modified_gmt":"2017-02-02T02:00:00","slug":"contraf-cut-assina-acordo-coletivo-de-pcr-e-ponto-eletronico-com-o-banco-itau-no-proximo-dia-6","status":"publish","type":"post","link":"https:\/\/hostnetart.com.br\/baixada\/contraf-cut-assina-acordo-coletivo-de-pcr-e-ponto-eletronico-com-o-banco-itau-no-proximo-dia-6\/","title":{"rendered":"Contraf-CUT assina acordo coletivo de PCR e Ponto Eletr\u00f4nico com o banco Ita\u00fa, no pr\u00f3ximo dia 6"},"content":{"rendered":"<p>Na pr\u00f3xima segunda-feira (06), a Contraf-CUT ir\u00e1 assinar os Acordos Coletivos de PCR 2017\/2018 e Ponto Eletr\u00f4nico com o Banco Ita\u00fa, que ocorrer\u00e1 no Centro Empresarial Ita\u00fa Concei\u00e7\u00e3o \u2013 CEIC, em S\u00e3o Paulo.<\/p>\n<p>A proposta para renova\u00e7\u00e3o do acordo do Programa Complementar de Resultados (PCR) do Ita\u00fa segue os reajustes da Campanha Nacional fechados com a Fenaban.<\/p>\n<p>O Centro Empresarial Ita\u00fa Concei\u00e7\u00e3o \u2013 CEIC, fica na Torre Eudoro Villela, 4\u00ba andar, sala 1, Concei\u00e7\u00e3o, SP.<\/p>\n<p id=\"page-author\">Fonte: Contraf-CUT<\/p>\n","protected":false},"excerpt":{"rendered":"<p>Na pr\u00f3xima segunda-feira (06), a Contraf-CUT ir\u00e1 assinar os Acordos Coletivos de PCR 2017\/2018 e Ponto Eletr\u00f4nico com o Banco Ita\u00fa, que ocorrer\u00e1 no Centro Empresarial Ita\u00fa Concei\u00e7\u00e3o \u2013 CEIC, em S\u00e3o Paulo. A proposta para renova\u00e7\u00e3o do acordo do Programa Complementar de Resultados (PCR) do Ita\u00fa segue os reajustes da Campanha Nacional fechados com [&hellip;]<\/p>\n","protected":false},"author":1,"featured_media":0,"comment_status":"","ping_status":"","sticky":false,"template":"","format":"standard","meta":{"footnotes":""},"categories":[3],"tags":[],"class_list":["post-2284","post","type-post","status-publish","format-standard","hentry","category-noticias"],"_links":{"self":[{"href":"https:\/\/hostnetart.com.br\/baixada\/wp-json\/wp\/v2\/posts\/2284","targetHints":{"allow":["GET"]}}],"collection":[{"href":"https:\/\/hostnetart.com.br\/baixada\/wp-json\/wp\/v2\/posts"}],"about":[{"href":"https:\/\/hostnetart.com.br\/baixada\/wp-json\/wp\/v2\/types\/post"}],"author":[{"embeddable":true,"href":"https:\/\/hostnetart.com.br\/baixada\/wp-json\/wp\/v2\/users\/1"}],"replies":[{"embeddable":true,"href":"https:\/\/hostnetart.com.br\/baixada\/wp-json\/wp\/v2\/comments?post=2284"}],"version-history":[{"count":0,"href":"https:\/\/hostnetart.com.br\/baixada\/wp-json\/wp\/v2\/posts\/2284\/revisions"}],"wp:attachment":[{"href":"https:\/\/hostnetart.com.br\/baixada\/wp-json\/wp\/v2\/media?parent=2284"}],"wp:term":[{"taxonomy":"category","embeddable":true,"href":"https:\/\/hostnetart.com.br\/baixada\/wp-json\/wp\/v2\/categories?post=2284"},{"taxonomy":"post_tag","embeddable":true,"href":"https:\/\/hostnetart.com.br\/baixada\/wp-json\/wp\/v2\/tags?post=2284"}],"curies":[{"name":"wp","href":"https:\/\/api.w.org\/{rel}","templated":true}]}}