{"id":2282,"date":"2017-02-02T00:00:00","date_gmt":"2017-02-02T02:00:00","guid":{"rendered":"https:\/\/hostnetart.com.br\/baixada\/ma-vontade-do-banco-do-brasil-deixa-centenas-de-caixas-desemparados\/"},"modified":"2017-02-02T00:00:00","modified_gmt":"2017-02-02T02:00:00","slug":"ma-vontade-do-banco-do-brasil-deixa-centenas-de-caixas-desemparados","status":"publish","type":"post","link":"https:\/\/hostnetart.com.br\/baixada\/ma-vontade-do-banco-do-brasil-deixa-centenas-de-caixas-desemparados\/","title":{"rendered":"M\u00e1 vontade do Banco do Brasil deixa centenas de caixas desemparados"},"content":{"rendered":"<p>Banco informa que n\u00e3o vai complementar sal\u00e1rios dos caixas executivos por quatro meses como faz para outras fun\u00e7\u00f5es<\/p>\n<p>O Banco do Brasil informou que n\u00e3o vai complementar os sal\u00e1rios dos funcion\u00e1rios que exerciam a fun\u00e7\u00e3o de caixas executivos e que foram descomissionados devido a reestrutura\u00e7\u00e3o anunciada em novembro de 2016.<\/p>\n<p>Al\u00e9m das 402 ag\u00eancias que foram fechadas, 379 foram transformadas em PAA e centenas tiveram o quadro reduzido, provocando perda de cargos em v\u00e1rias fun\u00e7\u00f5es.<\/p>\n<p>Exceto para os caixas, o banco, a partir de 1\/02\/2017, pagar\u00e1 uma Verba de Car\u00e1ter Pessoal (VCP) que mant\u00e9m por quatro meses o sal\u00e1rio do funcion\u00e1rio que teve a fun\u00e7\u00e3o cortada. Os mais prejudicados ser\u00e3o os funcion\u00e1rios que atuam em cidades do interior do pa\u00eds, cuja realoca\u00e7\u00e3o na fun\u00e7\u00e3o de caixa ser\u00e1 mais dif\u00edcil.<\/p>\n<p>Para Wagner Nascimento, coordenador da Comiss\u00e3o de Empresa dos Funcion\u00e1rios do BB, essa decis\u00e3o demonstra insensibilidade com os funcion\u00e1rios e suas fam\u00edlias, al\u00e9m de demonstrar descaso com as ag\u00eancias do interior do pa\u00eds. \u201cUm processo de desmonte de uma empresa come\u00e7a com a destrui\u00e7\u00e3o da sua cultura organizacional. E a cultura do banco sempre foi a de ter o caixa como primeiro cargo comissionado. Isto inclusive consta nos sistemas do banco e tem reconhecimento do judici\u00e1rio para efeito da S\u00famula 372 do TST. \u00c9 lament\u00e1vel que o banco mantenha o sal\u00e1rio dos seus altos executivos por at\u00e9 um ano em caso de perda de cargo e n\u00e3o queira pagar nem quatro meses para os caixas\u201d, ressaltou.<\/p>\n<p>Como exemplo da falta de sensibilidade do Banco do Brasil, num dos casos de perda de comiss\u00e3o de caixa, o banco cortou o cargo de uma funcion\u00e1ria com quatro filhos, que mudou para acompanhar tratamento de sa\u00fade da m\u00e3e e est\u00e1 com o marido desempregado. A administra\u00e7\u00e3o da ag\u00eancia tinha conhecimento desta situa\u00e7\u00e3o \u00e9 ainda assim, cortou o cargo e n\u00e3o vai complementar o sal\u00e1rio nem por quatro meses.<\/p>\n<p>Havia a expectativa que pelo menos esta reivindica\u00e7\u00e3o fosse atendida at\u00e9 esta data, dentro das propostas de manuten\u00e7\u00e3o de sal\u00e1rios e cargos reivindicadas em mesa de negocia\u00e7\u00e3o, por se tratar de isonomia com os outros cargos.<\/p>\n<p>Os sindicatos receber\u00e3o orienta\u00e7\u00f5es sobre a\u00e7\u00f5es jur\u00eddicas para proteger os funcion\u00e1rios e situa\u00e7\u00f5es como esta, dos caixas, ser\u00e3o relatadas na audi\u00eancia com o Minist\u00e9rio P\u00fablico do Trabalho, marcada para o pr\u00f3ximo dia 7 de fevereiro, em Bras\u00edlia.<\/p>\n<p>Fonte: Contraf-CUT<\/p>\n","protected":false},"excerpt":{"rendered":"<p>Banco informa que n\u00e3o vai complementar sal\u00e1rios dos caixas executivos por quatro meses como faz para outras fun\u00e7\u00f5es O Banco do Brasil informou que n\u00e3o vai complementar os sal\u00e1rios dos funcion\u00e1rios que exerciam a fun\u00e7\u00e3o de caixas executivos e que foram descomissionados devido a reestrutura\u00e7\u00e3o anunciada em novembro de 2016. Al\u00e9m das 402 ag\u00eancias que [&hellip;]<\/p>\n","protected":false},"author":1,"featured_media":0,"comment_status":"","ping_status":"","sticky":false,"template":"","format":"standard","meta":{"footnotes":""},"categories":[3],"tags":[],"class_list":["post-2282","post","type-post","status-publish","format-standard","hentry","category-noticias"],"_links":{"self":[{"href":"https:\/\/hostnetart.com.br\/baixada\/wp-json\/wp\/v2\/posts\/2282","targetHints":{"allow":["GET"]}}],"collection":[{"href":"https:\/\/hostnetart.com.br\/baixada\/wp-json\/wp\/v2\/posts"}],"about":[{"href":"https:\/\/hostnetart.com.br\/baixada\/wp-json\/wp\/v2\/types\/post"}],"author":[{"embeddable":true,"href":"https:\/\/hostnetart.com.br\/baixada\/wp-json\/wp\/v2\/users\/1"}],"replies":[{"embeddable":true,"href":"https:\/\/hostnetart.com.br\/baixada\/wp-json\/wp\/v2\/comments?post=2282"}],"version-history":[{"count":0,"href":"https:\/\/hostnetart.com.br\/baixada\/wp-json\/wp\/v2\/posts\/2282\/revisions"}],"wp:attachment":[{"href":"https:\/\/hostnetart.com.br\/baixada\/wp-json\/wp\/v2\/media?parent=2282"}],"wp:term":[{"taxonomy":"category","embeddable":true,"href":"https:\/\/hostnetart.com.br\/baixada\/wp-json\/wp\/v2\/categories?post=2282"},{"taxonomy":"post_tag","embeddable":true,"href":"https:\/\/hostnetart.com.br\/baixada\/wp-json\/wp\/v2\/tags?post=2282"}],"curies":[{"name":"wp","href":"https:\/\/api.w.org\/{rel}","templated":true}]}}