{"id":2280,"date":"2017-02-01T00:00:00","date_gmt":"2017-02-01T02:00:00","guid":{"rendered":"https:\/\/hostnetart.com.br\/baixada\/empregados-da-caixa-realizam-dia-nacional-de-luta-em-defesa-do-saude-caixa\/"},"modified":"2017-02-01T00:00:00","modified_gmt":"2017-02-01T02:00:00","slug":"empregados-da-caixa-realizam-dia-nacional-de-luta-em-defesa-do-saude-caixa","status":"publish","type":"post","link":"https:\/\/hostnetart.com.br\/baixada\/empregados-da-caixa-realizam-dia-nacional-de-luta-em-defesa-do-saude-caixa\/","title":{"rendered":"Empregados da Caixa realizam Dia Nacional de Luta em Defesa do Sa\u00fade Caixa"},"content":{"rendered":"<p>Banc\u00e1rios se mobilizaram em todo o pa\u00eds contra o aumento abusivo anunciado pela Caixa no plano de sa\u00fade<\/p>\n<p>Empregados da Caixa de todo o pa\u00eds participaram nesta ter\u00e7a 31 do Dia Nacional de Luta em rea\u00e7\u00e3o ao aumento do Sa\u00fade Caixa. Na quinta-feira 26, o banco anunciou reajustes na mensalidade, desrespeitando o acordo aditivo \u00e0 Conven\u00e7\u00e3o Coletiva de Trabalho (CCT).<\/p>\n<p>A mobiliza\u00e7\u00e3o surtiu resultado. A Justi\u00e7a do Trabalho do Distrito Federal concedeu liminar, na noite desta ter\u00e7a-feira (31), anulando os novos valores a serem cobrados dos assistidos pelo Sa\u00fade Caixa, a partir de 1\u00ba de fevereiro. A a\u00e7\u00e3o foi impetrada pela Contraf-CUT, pela Fenae e por sindicatos de banc\u00e1rios de todo o Brasil ap\u00f3s a Caixa anunciar o reajuste nas contribui\u00e7\u00f5es do Sa\u00fade Caixa.<\/p>\n<p>Leia aqui a reportagem sobre a decis\u00e3o da justi\u00e7a<\/p>\n<p>As mensalidades subiram para 3,46% da remunera\u00e7\u00e3o base, sendo que o percentual estipulado na cl\u00e1usula 32\u00aa do acordo aditivo \u00e0 CCT era de 2%. Al\u00e9m disso, a Caixa informou a eleva\u00e7\u00e3o do valor da coparticipa\u00e7\u00e3o das despesas assistenciais para 30%, sendo o novo teto anual de coparticipa\u00e7\u00e3o de R$ 4.200. O determinado pelo acordo era de 20%, limitado a um teto anual de R$ 2.400.<\/p>\n<p>\u201cA Caixa fez um reajuste absurdo no Sa\u00fade Caixa, passando por cima do acordo e passando por cima dos empregados. Isso \u00e9 um golpe! Al\u00e9m do ato de hoje,pedimos uma liminar cancelando esse aumento absurdo e o cumprimento do nosso acordo coletivo, que tem o modelo de custeio de 30% por parte dos empregados e 70% para a empresa dos custos assistenciais. Qualquer altera\u00e7\u00e3o nas cobran\u00e7as tem como obriga\u00e7\u00e3o ser discutida com os representantes dos empregados e, nesse caso, n\u00e3o foi. N\u00e3o aceitar\u00edamos esse aumento absurdo\u201d, criticou Dionisio Reis, coordenador da Comiss\u00e3o Executiva dos Empregados (CEE) da Caixa.<\/p>\n<p>O dirigente lembra que o n\u00e3o pagamento da parcela sob responsabilidade da Caixa levou a um super\u00e1vit de cerca de R$ 700 milh\u00f5es. \u201cA Caixa pretende ter lucro com o nosso plano de sa\u00fade. Isso \u00e9 um absurdo! O f\u00f3rum em que os empregados discutem e defendem a sustentabilidade do nosso Sa\u00fade Caixa \u00e9 o Conselho de Usu\u00e1rios\u201d, protestou.<\/p>\n<p>Apreens\u00e3o \u2013 Uma banc\u00e1ria da filial de Gest\u00e3o de Pessoas da Caixa em S\u00e3o Paulo relatou que h\u00e1 um clima de apreens\u00e3o entre os colegas. \u201cN\u00f3s achamos que n\u00e3o tem muita transpar\u00eancia. Recebemos as informa\u00e7\u00f5es de surpresa, ent\u00e3o fica essa ang\u00fastia em rela\u00e7\u00e3o ao que est\u00e1 acontecendo\u201d, disse.<\/p>\n<p>Para Ivanilde de Miranda, conselheira do Conselho de Usu\u00e1rios do Sa\u00fade Caixa, os banc\u00e1rios devem se mobilizar em defesa do plano de sa\u00fade, que ela considera uma das conquistas vitais para a categoria. \u201c\u00c9 muito importante que o trabalhador da Caixa participe e apoie esse movimento, porque o nosso plano de sa\u00fade \u00e9 de fundamental import\u00e2ncia para n\u00f3s e, com certeza, um dos principais direitos conquistados na Caixa\u201d, disse.<\/p>\n<p>Confira galeria com fotos das mobiliza\u00e7\u00f5es pelo pa\u00eds<\/p>\n<p>\u00a0<\/p>\n<p>Fonte: Seeb SP com edi\u00e7\u00e3o da Contraf-CUT<\/p>\n","protected":false},"excerpt":{"rendered":"<p>Banc\u00e1rios se mobilizaram em todo o pa\u00eds contra o aumento abusivo anunciado pela Caixa no plano de sa\u00fade Empregados da Caixa de todo o pa\u00eds participaram nesta ter\u00e7a 31 do Dia Nacional de Luta em rea\u00e7\u00e3o ao aumento do Sa\u00fade Caixa. Na quinta-feira 26, o banco anunciou reajustes na mensalidade, desrespeitando o acordo aditivo \u00e0 [&hellip;]<\/p>\n","protected":false},"author":1,"featured_media":0,"comment_status":"","ping_status":"","sticky":false,"template":"","format":"standard","meta":{"footnotes":""},"categories":[3],"tags":[],"class_list":["post-2280","post","type-post","status-publish","format-standard","hentry","category-noticias"],"_links":{"self":[{"href":"https:\/\/hostnetart.com.br\/baixada\/wp-json\/wp\/v2\/posts\/2280","targetHints":{"allow":["GET"]}}],"collection":[{"href":"https:\/\/hostnetart.com.br\/baixada\/wp-json\/wp\/v2\/posts"}],"about":[{"href":"https:\/\/hostnetart.com.br\/baixada\/wp-json\/wp\/v2\/types\/post"}],"author":[{"embeddable":true,"href":"https:\/\/hostnetart.com.br\/baixada\/wp-json\/wp\/v2\/users\/1"}],"replies":[{"embeddable":true,"href":"https:\/\/hostnetart.com.br\/baixada\/wp-json\/wp\/v2\/comments?post=2280"}],"version-history":[{"count":0,"href":"https:\/\/hostnetart.com.br\/baixada\/wp-json\/wp\/v2\/posts\/2280\/revisions"}],"wp:attachment":[{"href":"https:\/\/hostnetart.com.br\/baixada\/wp-json\/wp\/v2\/media?parent=2280"}],"wp:term":[{"taxonomy":"category","embeddable":true,"href":"https:\/\/hostnetart.com.br\/baixada\/wp-json\/wp\/v2\/categories?post=2280"},{"taxonomy":"post_tag","embeddable":true,"href":"https:\/\/hostnetart.com.br\/baixada\/wp-json\/wp\/v2\/tags?post=2280"}],"curies":[{"name":"wp","href":"https:\/\/api.w.org\/{rel}","templated":true}]}}