{"id":2254,"date":"2017-01-16T00:00:00","date_gmt":"2017-01-16T02:00:00","guid":{"rendered":"https:\/\/hostnetart.com.br\/baixada\/comissao-muda-data-de-eleicao-para-o-ca-da-caixa\/"},"modified":"2017-01-16T00:00:00","modified_gmt":"2017-01-16T02:00:00","slug":"comissao-muda-data-de-eleicao-para-o-ca-da-caixa","status":"publish","type":"post","link":"https:\/\/hostnetart.com.br\/baixada\/comissao-muda-data-de-eleicao-para-o-ca-da-caixa\/","title":{"rendered":"Comiss\u00e3o muda data de elei\u00e7\u00e3o para o CA da Caixa"},"content":{"rendered":"<p>Pleito ser\u00e1 realizado entre os dias 23 a 26 de janeiro<\/p>\n<p>A comiss\u00e3o eleitoral para o pleito que definir\u00e1 o representante dos trabalhadores no Conselho de Administra\u00e7\u00e3o (CA) da Caixa anunciou, na tarde de sexta-feira (13), altera\u00e7\u00e3o nas datas da elei\u00e7\u00e3o. O novo per\u00edodo vai de 23 a 26 de janeiro.<\/p>\n<p>De acordo com a comiss\u00e3o, a mudan\u00e7a resulta em ajuste do processo \u00e0 lei 13.303, o Estatuto das Estatais, que n\u00e3o prev\u00ea a supl\u00eancia para o cargo. A Chapa 1 questiona a forma abrupta e desrespeitosa com que a altera\u00e7\u00e3o foi realizada em pleno processo eleitoral, mas resolve dar prosseguimento \u00e0 campanha com a mesma disposi\u00e7\u00e3o inicial.<\/p>\n<p>Portanto, entre os dias 23 a 26 , vote Chapa 1, em defesa da Caixa p\u00fablica, da humaniza\u00e7\u00e3o das rela\u00e7\u00f5es de trabalho e do comprometimento com os interesses de TODOS os empregados do banco.<\/p>\n<p>Fonte: Chapa 1<\/p>\n","protected":false},"excerpt":{"rendered":"<p>Pleito ser\u00e1 realizado entre os dias 23 a 26 de janeiro A comiss\u00e3o eleitoral para o pleito que definir\u00e1 o representante dos trabalhadores no Conselho de Administra\u00e7\u00e3o (CA) da Caixa anunciou, na tarde de sexta-feira (13), altera\u00e7\u00e3o nas datas da elei\u00e7\u00e3o. O novo per\u00edodo vai de 23 a 26 de janeiro. De acordo com a [&hellip;]<\/p>\n","protected":false},"author":1,"featured_media":2253,"comment_status":"","ping_status":"","sticky":false,"template":"","format":"standard","meta":{"footnotes":""},"categories":[3],"tags":[],"class_list":["post-2254","post","type-post","status-publish","format-standard","has-post-thumbnail","hentry","category-noticias"],"_links":{"self":[{"href":"https:\/\/hostnetart.com.br\/baixada\/wp-json\/wp\/v2\/posts\/2254","targetHints":{"allow":["GET"]}}],"collection":[{"href":"https:\/\/hostnetart.com.br\/baixada\/wp-json\/wp\/v2\/posts"}],"about":[{"href":"https:\/\/hostnetart.com.br\/baixada\/wp-json\/wp\/v2\/types\/post"}],"author":[{"embeddable":true,"href":"https:\/\/hostnetart.com.br\/baixada\/wp-json\/wp\/v2\/users\/1"}],"replies":[{"embeddable":true,"href":"https:\/\/hostnetart.com.br\/baixada\/wp-json\/wp\/v2\/comments?post=2254"}],"version-history":[{"count":0,"href":"https:\/\/hostnetart.com.br\/baixada\/wp-json\/wp\/v2\/posts\/2254\/revisions"}],"wp:featuredmedia":[{"embeddable":true,"href":"https:\/\/hostnetart.com.br\/baixada\/wp-json\/wp\/v2\/media\/2253"}],"wp:attachment":[{"href":"https:\/\/hostnetart.com.br\/baixada\/wp-json\/wp\/v2\/media?parent=2254"}],"wp:term":[{"taxonomy":"category","embeddable":true,"href":"https:\/\/hostnetart.com.br\/baixada\/wp-json\/wp\/v2\/categories?post=2254"},{"taxonomy":"post_tag","embeddable":true,"href":"https:\/\/hostnetart.com.br\/baixada\/wp-json\/wp\/v2\/tags?post=2254"}],"curies":[{"name":"wp","href":"https:\/\/api.w.org\/{rel}","templated":true}]}}