{"id":2249,"date":"2017-01-12T00:00:00","date_gmt":"2017-01-12T02:00:00","guid":{"rendered":"https:\/\/hostnetart.com.br\/baixada\/novo-superintendente-da-cef-afirma-que-a-politica-de-trabalho-com-o-funcionarios-esta-mantida\/"},"modified":"2017-01-12T00:00:00","modified_gmt":"2017-01-12T02:00:00","slug":"novo-superintendente-da-cef-afirma-que-a-politica-de-trabalho-com-o-funcionarios-esta-mantida","status":"publish","type":"post","link":"https:\/\/hostnetart.com.br\/baixada\/novo-superintendente-da-cef-afirma-que-a-politica-de-trabalho-com-o-funcionarios-esta-mantida\/","title":{"rendered":"Novo Superintendente da CEF, afirma que a pol\u00edtica de trabalho com o funcion\u00e1rios est\u00e1 mantida"},"content":{"rendered":"<p>No dia dos 156 anos da Caixa Econ\u00f4mica Federal, O SEEB Baixada Fluminense, estava presente em uma reuni\u00e3o com a Superintend\u00eancia da SR Oeste. Foi uma reuni\u00e3o proveitosa em que estavam presentes, como representantes do Sindicato, o Coordenador do Sindicato Pedro Batista , e os diretores e funcion\u00e1rios, Jos\u00e9 Guilherme e M\u00e1rcio Wanderley. E pela Caixa estava presente o Superintendente da SR Oeste Domingos e seu Assessor Augusto. Durante este encontro, nos foi afirmado que esta gest\u00e3o ser\u00e1 focada na parceria com todos os \u00a0funcion\u00e1rios Caixa. \u00a0Que n\u00e3o vai tocar o \u00a0trabalho olhando para o retrovisor, e sim com foco no futuro. Levando em considera\u00e7\u00e3o a valoriza\u00e7\u00e3o de todo o funcionalismo. \u201cTemos que olhar para frente, para tocar o nosso plano de neg\u00f3cio\u201d afirmou Domingos. O Sindicato sai da reuni\u00e3o com fortes esperan\u00e7as de que esta \u00a0gest\u00e3o da SR reconhecer\u00e1 todo o corpo funcional, pois, o maior patrim\u00f4nio da CEF \u00e9 o funcion\u00e1rio Caixa. Que este ano seja de grandes realiza\u00e7\u00f5es, \u00e9 o que desejamos!\u00a0<\/p>\n","protected":false},"excerpt":{"rendered":"<p>No dia dos 156 anos da Caixa Econ\u00f4mica Federal, O SEEB Baixada Fluminense, estava presente em uma reuni\u00e3o com a Superintend\u00eancia da SR Oeste. Foi uma reuni\u00e3o proveitosa em que estavam presentes, como representantes do Sindicato, o Coordenador do Sindicato Pedro Batista , e os diretores e funcion\u00e1rios, Jos\u00e9 Guilherme e M\u00e1rcio Wanderley. E pela [&hellip;]<\/p>\n","protected":false},"author":1,"featured_media":2248,"comment_status":"","ping_status":"","sticky":false,"template":"","format":"standard","meta":{"footnotes":""},"categories":[3],"tags":[],"class_list":["post-2249","post","type-post","status-publish","format-standard","has-post-thumbnail","hentry","category-noticias"],"_links":{"self":[{"href":"https:\/\/hostnetart.com.br\/baixada\/wp-json\/wp\/v2\/posts\/2249","targetHints":{"allow":["GET"]}}],"collection":[{"href":"https:\/\/hostnetart.com.br\/baixada\/wp-json\/wp\/v2\/posts"}],"about":[{"href":"https:\/\/hostnetart.com.br\/baixada\/wp-json\/wp\/v2\/types\/post"}],"author":[{"embeddable":true,"href":"https:\/\/hostnetart.com.br\/baixada\/wp-json\/wp\/v2\/users\/1"}],"replies":[{"embeddable":true,"href":"https:\/\/hostnetart.com.br\/baixada\/wp-json\/wp\/v2\/comments?post=2249"}],"version-history":[{"count":0,"href":"https:\/\/hostnetart.com.br\/baixada\/wp-json\/wp\/v2\/posts\/2249\/revisions"}],"wp:featuredmedia":[{"embeddable":true,"href":"https:\/\/hostnetart.com.br\/baixada\/wp-json\/wp\/v2\/media\/2248"}],"wp:attachment":[{"href":"https:\/\/hostnetart.com.br\/baixada\/wp-json\/wp\/v2\/media?parent=2249"}],"wp:term":[{"taxonomy":"category","embeddable":true,"href":"https:\/\/hostnetart.com.br\/baixada\/wp-json\/wp\/v2\/categories?post=2249"},{"taxonomy":"post_tag","embeddable":true,"href":"https:\/\/hostnetart.com.br\/baixada\/wp-json\/wp\/v2\/tags?post=2249"}],"curies":[{"name":"wp","href":"https:\/\/api.w.org\/{rel}","templated":true}]}}