{"id":2243,"date":"2017-01-12T00:00:00","date_gmt":"2017-01-12T02:00:00","guid":{"rendered":"https:\/\/hostnetart.com.br\/baixada\/especialistas-desmentem-propaganda-oficial-da-reforma-da-previdencia\/"},"modified":"2017-01-12T00:00:00","modified_gmt":"2017-01-12T02:00:00","slug":"especialistas-desmentem-propaganda-oficial-da-reforma-da-previdencia","status":"publish","type":"post","link":"https:\/\/hostnetart.com.br\/baixada\/especialistas-desmentem-propaganda-oficial-da-reforma-da-previdencia\/","title":{"rendered":"Especialistas desmentem propaganda oficial da reforma da Previd\u00eancia"},"content":{"rendered":"<p>Em material veiculado na TV e nas redes sociais, governo Temer defende que o INSS est\u00e1 com o caixa no vermelho, mas argumento \u00e9 contestado<br \/>S\u00e3o Paulo \u2013 Em propaganda que defende a reforma da Previd\u00eancia, que est\u00e1 sendo veiculada na TV, no r\u00e1dio e em jornais de todo o pa\u00eds, o governo Temer insiste na tese de que a reforma \u00e9 a \u00fanica sa\u00edda para salvar a aposentadoria dos trabalhadores. \u201cOu reforma a Previd\u00eancia, ou ela quebra\u201d, diz um dos slogans da campanha. Especialistas, contudo, contestam e afirmam que o propalado rombo, na verdade, n\u00e3o existe.<\/p>\n<p>Eles destacam que a Previd\u00eancia tem outras fontes de recursos, como tributos pagos pelas empresas, taxa\u00e7\u00f5es de importa\u00e7\u00f5es e at\u00e9 loterias, como a mega sena, n\u00e3o ficando restrita apenas \u00e0s contribui\u00e7\u00f5es dos trabalhadores.<\/p>\n<p>\u201cAs contas da Previd\u00eancia t\u00eam que incluir todas as verbas, recursos e impostos que v\u00e3o para a seguridade social. Isso n\u00e3o indica que a Previd\u00eancia est\u00e1 no vermelho. Ao contr\u00e1rio\u201d, afirma o diretor-executivo da CUT J\u00falio Turra, em entrevista \u00e0 rep\u00f3rter Vanessa Nakasato, para o Seu Jornal, da TVT.<\/p>\n<p>\u201cSe se incluir o conjunto dos recursos que deveriam ir para a seguridade social, a Previd\u00eancia est\u00e1 no azul, porque ela n\u00e3o depende, simplesmente, da contribui\u00e7\u00e3o dos trabalhadores e dos empres\u00e1rios\u201d, diz Turra.<\/p>\n<p>Para Miguel Horvath Junior, professor de Direito Previdenci\u00e1rio da Pontif\u00edcia Universidade Cat\u00f3lica (PUC) de S\u00e3o Paulo, uma das provas de que a Previd\u00eancia n\u00e3o est\u00e1 quebrada \u00e9 a amplia\u00e7\u00e3o de 20% para 30% da Desvincula\u00e7\u00e3o de Receitas da Uni\u00e3o (DRU), que permite ao governo gastar livremente esse percentual das contribui\u00e7\u00f5es sociais que deveriam ir para a seguridade social, que re\u00fane as \u00e1reas da sa\u00fade, assist\u00eancia e previd\u00eancia. \u201cOra, n\u00e3o se tira recursos de onde n\u00e3o se tem. J\u00e1 era 20%, e passou a ser 30%. Isso tamb\u00e9m \u00e9 algo dif\u00edcil de se explicar\u201d, contesta o professor.<\/p>\n<p>Eles tamb\u00e9m contestam o argumento do governo de que a reforma da Previd\u00eancia vai gerar empregos e aquecer a economia. \u201cImposs\u00edvel que uma reforma que aumenta o tempo de trabalho gere emprego. Porque o cara n\u00e3o vai sair do emprego, abrindo a vaga para os mais jovens depois de 35 anos de contribui\u00e7\u00e3o. Sair\u00e1 depois de 49 anos de contribui\u00e7\u00e3o. Isso reduz a oferta de emprego, ao contr\u00e1rio de ampliar\u201d, diz o sindicalista.<\/p>\n<p>J\u00e1 o professor Horvath Junior prev\u00ea at\u00e9 mesmo crescimento da informalidade. \u201cN\u00e3o consigo entender como a reforma da Previd\u00eancia pode movimentar a economia. Pode ser que, com essas regras bem r\u00edgidas, haja tamb\u00e9m a possibilidade de um aumento de atividade informal. E com isso, em vez de se obter uma maior arrecada\u00e7\u00e3o, por parte da Previd\u00eancia, pode haver uma diminui\u00e7\u00e3o dessa base de arrecada\u00e7\u00e3o.\u201d<\/p>\n<p>Fonte: Rede Brasil Atual<\/p>\n","protected":false},"excerpt":{"rendered":"<p>Em material veiculado na TV e nas redes sociais, governo Temer defende que o INSS est\u00e1 com o caixa no vermelho, mas argumento \u00e9 contestadoS\u00e3o Paulo \u2013 Em propaganda que defende a reforma da Previd\u00eancia, que est\u00e1 sendo veiculada na TV, no r\u00e1dio e em jornais de todo o pa\u00eds, o governo Temer insiste na [&hellip;]<\/p>\n","protected":false},"author":1,"featured_media":2242,"comment_status":"","ping_status":"","sticky":false,"template":"","format":"standard","meta":{"footnotes":""},"categories":[3],"tags":[],"class_list":["post-2243","post","type-post","status-publish","format-standard","has-post-thumbnail","hentry","category-noticias"],"_links":{"self":[{"href":"https:\/\/hostnetart.com.br\/baixada\/wp-json\/wp\/v2\/posts\/2243","targetHints":{"allow":["GET"]}}],"collection":[{"href":"https:\/\/hostnetart.com.br\/baixada\/wp-json\/wp\/v2\/posts"}],"about":[{"href":"https:\/\/hostnetart.com.br\/baixada\/wp-json\/wp\/v2\/types\/post"}],"author":[{"embeddable":true,"href":"https:\/\/hostnetart.com.br\/baixada\/wp-json\/wp\/v2\/users\/1"}],"replies":[{"embeddable":true,"href":"https:\/\/hostnetart.com.br\/baixada\/wp-json\/wp\/v2\/comments?post=2243"}],"version-history":[{"count":0,"href":"https:\/\/hostnetart.com.br\/baixada\/wp-json\/wp\/v2\/posts\/2243\/revisions"}],"wp:featuredmedia":[{"embeddable":true,"href":"https:\/\/hostnetart.com.br\/baixada\/wp-json\/wp\/v2\/media\/2242"}],"wp:attachment":[{"href":"https:\/\/hostnetart.com.br\/baixada\/wp-json\/wp\/v2\/media?parent=2243"}],"wp:term":[{"taxonomy":"category","embeddable":true,"href":"https:\/\/hostnetart.com.br\/baixada\/wp-json\/wp\/v2\/categories?post=2243"},{"taxonomy":"post_tag","embeddable":true,"href":"https:\/\/hostnetart.com.br\/baixada\/wp-json\/wp\/v2\/tags?post=2243"}],"curies":[{"name":"wp","href":"https:\/\/api.w.org\/{rel}","templated":true}]}}