{"id":2241,"date":"2017-01-12T00:00:00","date_gmt":"2017-01-12T02:00:00","guid":{"rendered":"https:\/\/hostnetart.com.br\/baixada\/empregados-fazem-dia-nacional-de-luta-nesta-quinta-aniversario-de-156-anos-da-caixa\/"},"modified":"2017-01-12T00:00:00","modified_gmt":"2017-01-12T02:00:00","slug":"empregados-fazem-dia-nacional-de-luta-nesta-quinta-aniversario-de-156-anos-da-caixa","status":"publish","type":"post","link":"https:\/\/hostnetart.com.br\/baixada\/empregados-fazem-dia-nacional-de-luta-nesta-quinta-aniversario-de-156-anos-da-caixa\/","title":{"rendered":"Empregados fazem Dia Nacional de Luta nesta quinta, anivers\u00e1rio de 156 anos da Caixa"},"content":{"rendered":"<p>Protesto \u00e9 por melhores condi\u00e7\u00f5es de trabalho, em defesa do banco 100% p\u00fablico, fim dos descomissionamentos arbitr\u00e1rios e do caixa-minuto<\/p>\n<p>Nesta quinta-feira, dia 12 de janeiro, a Caixa Econ\u00f4mica Federal completa 156 anos de exist\u00eancia e os empregados, para marcar este momento importante da hist\u00f3ria do banco, realizam um Dia Nacional de Luta, por melhores condi\u00e7\u00f5es de trabalho e em defesa do car\u00e1ter 100% p\u00fablico da empresa. Os protestos ser\u00e3o realizados tamb\u00e9m pela retomada das contrata\u00e7\u00f5es, pelo fim dos descomissionamentos arbitr\u00e1rios e do caixa-minto.<\/p>\n<p>A mobiliza\u00e7\u00e3o foi definida pela Comiss\u00e3o Executiva dos Empregados (CEE\/Caixa), que assessora a Contraf\/CUT e a orienta\u00e7\u00e3o \u00e9 que sindicatos e federa\u00e7\u00f5es realizem atividades cobrando uma nova postura da dire\u00e7\u00e3o do banco. Ser\u00e3o distribu\u00eddos materiais explicativos com esclarecimentos aos empregados e \u00e0 popula\u00e7\u00e3o e colhidas assinaturas para o abaixo-assinado em defesa da Caixa 100% p\u00fablica.<\/p>\n<p>Cliquei aqui para ter acesso \u00e0 carta aberta aos clientes e \u00e0 popula\u00e7\u00e3o<\/p>\n<p>Clique aqui para a carta aberta aos empregados<\/p>\n<p>Clique aqui para o abaixo-assinado<\/p>\n<p>O Dia Nacional de Luta acontece no momento em que a imprensa noticia que a Caixa deve lan\u00e7ar Planos de Apoio \u00e0 Aposentadoria (PAA) e de Demiss\u00e3o Volunt\u00e1ria (PDV), e promover os desligamentos de pelo menos 10 mil empregados.<br \/>\u201cPrecisamos nos mobilizar fortemente para manter nossos direitos, garantir a Caixa 100% p\u00fablica e reafirmar o papel social que o banco desempenha no pa\u00eds\u201d, destaca o coordenador da CEE\/Caixa, Dion\u00edsio Reis.<\/p>\n<p>Negocia\u00e7\u00e3o<\/p>\n<p>O Dia Nacional de Luta nesta quinta-feira (12) acontece dias antes da negocia\u00e7\u00e3o com o banco marcada para dia 24, em Bras\u00edlia, na qual ser\u00e3o apresentados os resultados das discuss\u00f5es dos GTs que trataram dos dois assuntos relacionados \u00e0 RH 184, dos descomissionamentos arbitr\u00e1rios e do caixa-minuto.<\/p>\n<p>\u201cA continuidade da reestrutura\u00e7\u00e3o, o fechamento de ag\u00eancias ditas deficit\u00e1rias pela l\u00f3gica exclusiva dos mercados, as ag\u00eancias digitais e a rede de opera\u00e7\u00f5es s\u00e3o partes da estrat\u00e9gia para desmonte do papel social da Caixa, assim como sua venda fatiada e a amea\u00e7a ao monop\u00f3lio na gest\u00e3o do FGTS\u201d, destaca Dion\u00edsio.<\/p>\n<p>Fonte: Contraf-CUT<\/p>\n","protected":false},"excerpt":{"rendered":"<p>Protesto \u00e9 por melhores condi\u00e7\u00f5es de trabalho, em defesa do banco 100% p\u00fablico, fim dos descomissionamentos arbitr\u00e1rios e do caixa-minuto Nesta quinta-feira, dia 12 de janeiro, a Caixa Econ\u00f4mica Federal completa 156 anos de exist\u00eancia e os empregados, para marcar este momento importante da hist\u00f3ria do banco, realizam um Dia Nacional de Luta, por melhores [&hellip;]<\/p>\n","protected":false},"author":1,"featured_media":0,"comment_status":"","ping_status":"","sticky":false,"template":"","format":"standard","meta":{"footnotes":""},"categories":[3],"tags":[],"class_list":["post-2241","post","type-post","status-publish","format-standard","hentry","category-noticias"],"_links":{"self":[{"href":"https:\/\/hostnetart.com.br\/baixada\/wp-json\/wp\/v2\/posts\/2241","targetHints":{"allow":["GET"]}}],"collection":[{"href":"https:\/\/hostnetart.com.br\/baixada\/wp-json\/wp\/v2\/posts"}],"about":[{"href":"https:\/\/hostnetart.com.br\/baixada\/wp-json\/wp\/v2\/types\/post"}],"author":[{"embeddable":true,"href":"https:\/\/hostnetart.com.br\/baixada\/wp-json\/wp\/v2\/users\/1"}],"replies":[{"embeddable":true,"href":"https:\/\/hostnetart.com.br\/baixada\/wp-json\/wp\/v2\/comments?post=2241"}],"version-history":[{"count":0,"href":"https:\/\/hostnetart.com.br\/baixada\/wp-json\/wp\/v2\/posts\/2241\/revisions"}],"wp:attachment":[{"href":"https:\/\/hostnetart.com.br\/baixada\/wp-json\/wp\/v2\/media?parent=2241"}],"wp:term":[{"taxonomy":"category","embeddable":true,"href":"https:\/\/hostnetart.com.br\/baixada\/wp-json\/wp\/v2\/categories?post=2241"},{"taxonomy":"post_tag","embeddable":true,"href":"https:\/\/hostnetart.com.br\/baixada\/wp-json\/wp\/v2\/tags?post=2241"}],"curies":[{"name":"wp","href":"https:\/\/api.w.org\/{rel}","templated":true}]}}