{"id":2239,"date":"2017-01-05T00:00:00","date_gmt":"2017-01-05T02:00:00","guid":{"rendered":"https:\/\/hostnetart.com.br\/baixada\/bancos-fecharam-11-525-postos-de-trabalho-ate-novembro-de-2016\/"},"modified":"2017-01-05T00:00:00","modified_gmt":"2017-01-05T02:00:00","slug":"bancos-fecharam-11-525-postos-de-trabalho-ate-novembro-de-2016","status":"publish","type":"post","link":"https:\/\/hostnetart.com.br\/baixada\/bancos-fecharam-11-525-postos-de-trabalho-ate-novembro-de-2016\/","title":{"rendered":"Bancos fecharam 11.525 postos de trabalho at\u00e9 novembro de 2016"},"content":{"rendered":"<p>De acordo com an\u00e1lise feita sobre Dieese sobre dados do Caged (Cadastro Geral de Empregados e Desempregados) do Minist\u00e9rio do Trabalho, as institui\u00e7\u00f5es financeiras cortaram \u00a011.525 empregos nos 11 primeiros meses de 2016, sendo 1.516 apenas \u00a0em novembro.<\/p>\n<p>Ao cortar postos de trabalho, \u00a0al\u00e9m e ajudar no aprofundamento da recess\u00e3o e do desemprego, demonstrando nenhuma responsabilidade social, mesmo com lucros estratosf\u00e9ricos, os bancos sobrecarregam os banc\u00e1rios e precarizam o atendimento \u00e0 popula\u00e7\u00e3o.<\/p>\n<p>E ainda reduzem sal\u00e1rios com a rotatividade. Entre janeiro e novembro do ano passado, os trabalhadores admitidos em institui\u00e7\u00f5es financeiras ingressaram recebendo em m\u00e9dia 59% do que ganhavam os banc\u00e1rios que deixaram os bancos.<\/p>\n<p>O falta de funcion\u00e1rios e a press\u00e3o nos ambientes de trabalho se \u00a0refletem no n\u00famero de afastamentos\u00a0por doen\u00e7a.\u00a0Os dados mais recentes do INSS, relativos a 2014, mostram que mais de 18 mil banc\u00e1rios haviam sido afastados, \u00a0em todo o pa\u00eds. Do total de aux\u00edlios-doen\u00e7a concedidos, 52,7% tiveram como causas principais transtornos mentais e doen\u00e7as do sistema nervoso.<\/p>\n<p>Segundo Roberto von der Osten, presidente da Contraf-CUT, a entidade vem denunciando e fazendo a\u00e7\u00e3o sindical contra gan\u00e2ncia e a pol\u00edtica irrespons\u00e1vel dos bancos de prejudicar o atendimento \u00e0 popula\u00e7\u00e3o e sacrificar a sa\u00fade dos banc\u00e1rios: \u201cMas os bancos n\u00e3o se sensibilizaram com isso. Esta vai ser uma dura luta que os banc\u00e1rios v\u00e3o ter que travar com os bancos\u201d, destaca.<\/p>\n<p id=\"page-author\">Fonte: Contraf-CUT e Dieese<\/p>\n","protected":false},"excerpt":{"rendered":"<p>De acordo com an\u00e1lise feita sobre Dieese sobre dados do Caged (Cadastro Geral de Empregados e Desempregados) do Minist\u00e9rio do Trabalho, as institui\u00e7\u00f5es financeiras cortaram \u00a011.525 empregos nos 11 primeiros meses de 2016, sendo 1.516 apenas \u00a0em novembro. Ao cortar postos de trabalho, \u00a0al\u00e9m e ajudar no aprofundamento da recess\u00e3o e do desemprego, demonstrando nenhuma [&hellip;]<\/p>\n","protected":false},"author":1,"featured_media":0,"comment_status":"","ping_status":"","sticky":false,"template":"","format":"standard","meta":{"footnotes":""},"categories":[3],"tags":[],"class_list":["post-2239","post","type-post","status-publish","format-standard","hentry","category-noticias"],"_links":{"self":[{"href":"https:\/\/hostnetart.com.br\/baixada\/wp-json\/wp\/v2\/posts\/2239","targetHints":{"allow":["GET"]}}],"collection":[{"href":"https:\/\/hostnetart.com.br\/baixada\/wp-json\/wp\/v2\/posts"}],"about":[{"href":"https:\/\/hostnetart.com.br\/baixada\/wp-json\/wp\/v2\/types\/post"}],"author":[{"embeddable":true,"href":"https:\/\/hostnetart.com.br\/baixada\/wp-json\/wp\/v2\/users\/1"}],"replies":[{"embeddable":true,"href":"https:\/\/hostnetart.com.br\/baixada\/wp-json\/wp\/v2\/comments?post=2239"}],"version-history":[{"count":0,"href":"https:\/\/hostnetart.com.br\/baixada\/wp-json\/wp\/v2\/posts\/2239\/revisions"}],"wp:attachment":[{"href":"https:\/\/hostnetart.com.br\/baixada\/wp-json\/wp\/v2\/media?parent=2239"}],"wp:term":[{"taxonomy":"category","embeddable":true,"href":"https:\/\/hostnetart.com.br\/baixada\/wp-json\/wp\/v2\/categories?post=2239"},{"taxonomy":"post_tag","embeddable":true,"href":"https:\/\/hostnetart.com.br\/baixada\/wp-json\/wp\/v2\/tags?post=2239"}],"curies":[{"name":"wp","href":"https:\/\/api.w.org\/{rel}","templated":true}]}}