{"id":2234,"date":"2015-09-01T00:00:00","date_gmt":"2015-09-01T03:00:00","guid":{"rendered":"https:\/\/hostnetart.com.br\/baixada\/reuniao-com-bb-abre-semana-de-negociacoes-da-campanha-nacional-2015\/"},"modified":"2015-09-01T00:00:00","modified_gmt":"2015-09-01T03:00:00","slug":"reuniao-com-bb-abre-semana-de-negociacoes-da-campanha-nacional-2015","status":"publish","type":"post","link":"https:\/\/hostnetart.com.br\/baixada\/reuniao-com-bb-abre-semana-de-negociacoes-da-campanha-nacional-2015\/","title":{"rendered":"Reuni\u00e3o com BB abre semana de negocia\u00e7\u00f5es da Campanha Nacional 2015"},"content":{"rendered":"<p>As negocia\u00e7\u00f5es das reivindica\u00e7\u00f5es espec\u00edficas dos funcion\u00e1rios do Banco do Brasil est\u00e3o sendo retomadas nesta segunda-feira (31). A reuni\u00e3o na sede do banco, em Bras\u00edlia, vai tratar de seguran\u00e7a, igualdade de oportunidades e isonomia. \u00c9 a terceira rodada de negocia\u00e7\u00e3o. As primeiras foram sobre emprego, condi\u00e7\u00f5es de trabalho e sa\u00fade e o Banco do Brasil n\u00e3o apresentou avan\u00e7os. <\/p>\n<p>Confira aqui como foi a negocia\u00e7\u00e3o sobre sa\u00fade e condi\u00e7\u00f5es de trabalho<\/p>\n<p>Confira aqui como foi a negocia\u00e7\u00e3o sobre emprego<\/p>\n<p><strong>Calend\u00e1rio negocia\u00e7\u00f5es com BB<\/strong><\/p>\n<p>31\/8 \u2013 Seguran\u00e7a, igualdade de oportunidades e isonomia<br \/>11\/9 \u2013 Cl\u00e1usulas sociais e previd\u00eancia complementar<br \/>18\/9 \u2013 Remunera\u00e7\u00e3o e plano de carreira<\/p>\n<p><strong>Campanha Nacional 2015<\/strong><\/p>\n<p>A Campanha Nacional Unificada est\u00e1 com a agenda cheia nesta semana. Al\u00e9m do Banco do Brasil, o Comando Nacional se re\u00fane com representantes da Fenaban na quarta-feira (2)e na quinta-feira (3), em S\u00e3o Paulo e a comiss\u00e3o de empresa com a Caixa na sexta-feira (4), em Bras\u00edlia. Nesta a segunda (31) tamb\u00e9m tem negocia\u00e7\u00e3o com o Banco da Amaz\u00f4nia, na sede do banco, em Bel\u00e9m. <\/p>\n<p>Fonte: Contraf-CUT<\/p>\n","protected":false},"excerpt":{"rendered":"<p>As negocia\u00e7\u00f5es das reivindica\u00e7\u00f5es espec\u00edficas dos funcion\u00e1rios do Banco do Brasil est\u00e3o sendo retomadas nesta segunda-feira (31). A reuni\u00e3o na sede do banco, em Bras\u00edlia, vai tratar de seguran\u00e7a, igualdade de oportunidades e isonomia. \u00c9 a terceira rodada de negocia\u00e7\u00e3o. As primeiras foram sobre emprego, condi\u00e7\u00f5es de trabalho e sa\u00fade e o Banco do Brasil [&hellip;]<\/p>\n","protected":false},"author":1,"featured_media":0,"comment_status":"","ping_status":"","sticky":false,"template":"","format":"standard","meta":{"footnotes":""},"categories":[3],"tags":[],"class_list":["post-2234","post","type-post","status-publish","format-standard","hentry","category-noticias"],"_links":{"self":[{"href":"https:\/\/hostnetart.com.br\/baixada\/wp-json\/wp\/v2\/posts\/2234","targetHints":{"allow":["GET"]}}],"collection":[{"href":"https:\/\/hostnetart.com.br\/baixada\/wp-json\/wp\/v2\/posts"}],"about":[{"href":"https:\/\/hostnetart.com.br\/baixada\/wp-json\/wp\/v2\/types\/post"}],"author":[{"embeddable":true,"href":"https:\/\/hostnetart.com.br\/baixada\/wp-json\/wp\/v2\/users\/1"}],"replies":[{"embeddable":true,"href":"https:\/\/hostnetart.com.br\/baixada\/wp-json\/wp\/v2\/comments?post=2234"}],"version-history":[{"count":0,"href":"https:\/\/hostnetart.com.br\/baixada\/wp-json\/wp\/v2\/posts\/2234\/revisions"}],"wp:attachment":[{"href":"https:\/\/hostnetart.com.br\/baixada\/wp-json\/wp\/v2\/media?parent=2234"}],"wp:term":[{"taxonomy":"category","embeddable":true,"href":"https:\/\/hostnetart.com.br\/baixada\/wp-json\/wp\/v2\/categories?post=2234"},{"taxonomy":"post_tag","embeddable":true,"href":"https:\/\/hostnetart.com.br\/baixada\/wp-json\/wp\/v2\/tags?post=2234"}],"curies":[{"name":"wp","href":"https:\/\/api.w.org\/{rel}","templated":true}]}}