{"id":2233,"date":"2017-01-05T00:00:00","date_gmt":"2017-01-05T02:00:00","guid":{"rendered":"https:\/\/hostnetart.com.br\/baixada\/contraf-cut-repudia-enfraquecimento-da-caixa\/"},"modified":"2017-01-05T00:00:00","modified_gmt":"2017-01-05T02:00:00","slug":"contraf-cut-repudia-enfraquecimento-da-caixa","status":"publish","type":"post","link":"https:\/\/hostnetart.com.br\/baixada\/contraf-cut-repudia-enfraquecimento-da-caixa\/","title":{"rendered":"Contraf-CUT repudia enfraquecimento da Caixa"},"content":{"rendered":"<p>A Contraf-CUT convoca todos os banc\u00e1rios da Caixa para o Dia Nacional de Luta, marcada para o pr\u00f3ximo dia 12<\/p>\n<p>A Contraf-CUT repudia veementemente o enfraquecimento da Caixa Econ\u00f4mica Federal. Nesta quarta-feira (4), os ve\u00edculos de imprensa divulgaram que o banco prev\u00ea poder economizar at\u00e9 R$ 1,5 bilh\u00e3o por ano, a partir de 2018, com o plano de demiss\u00e3o volunt\u00e1ria (PDV) desenhado para este ano. A ideia do banco estatal \u00e9 conseguir o desligamento de 10 mil funcion\u00e1rios, ou quase 10% do total de empregados atual. No \u00faltimo ano, a Caixa cortou o n\u00famero de funcion\u00e1rios de 100,3 mil para 97 mil.<\/p>\n<p>\u201cN\u00e3o somos contra o PDV. Somos contra a n\u00e3o reposi\u00e7\u00e3o de trabalhadores, o que acarretar\u00e1 em piora nas condi\u00e7\u00f5es de trabalho e na qualidade do servi\u00e7o prestado \u00e0 sociedade\u201d, esclarece S\u00e9rgio Takemoto, secret\u00e1rio de Finan\u00e7as da Contraf-CUT.<\/p>\n<p>A medida une-se ao risco de outras a\u00e7\u00f5es que tamb\u00e9m j\u00e1 foram veiculadas pela imprensa, como a retirada do fundo de garantia do banco e o fechamento de ag\u00eancias. O banco tem atualmente 4,2 mil ag\u00eancias e pontos de atendimento \u201cN\u00f3s vemos com extrema preocupa\u00e7\u00e3o as movimenta\u00e7\u00f5es da nova diretoria, pois o objetivo \u00e9 claro, o enfraquecimento da Caixa\u201d, completou Takemoto.<\/p>\n<p>Dia nacional de Luta<\/p>\n<p>Com este cen\u00e1rio, a Contraf-CUT convoca todos os banc\u00e1rios da Caixa para o Dia Nacional de Luta, marcada para o pr\u00f3ximo dia 12. Na data, \u00e9 comemora o anivers\u00e1rio da Caixa. Como presente aos funcion\u00e1rios, a piora das condi\u00e7\u00f5es de trabalho.<\/p>\n<p>A manifesta\u00e7\u00e3o tamb\u00e9m ser\u00e1 pelo fim dos descomissionamentos arbitr\u00e1rios, pelo fim do caixa minuto e em defesa da Caixa 100% p\u00fablica.<\/p>\n<p>Fonte: Contraf-CUT<\/p>\n","protected":false},"excerpt":{"rendered":"<p>A Contraf-CUT convoca todos os banc\u00e1rios da Caixa para o Dia Nacional de Luta, marcada para o pr\u00f3ximo dia 12 A Contraf-CUT repudia veementemente o enfraquecimento da Caixa Econ\u00f4mica Federal. Nesta quarta-feira (4), os ve\u00edculos de imprensa divulgaram que o banco prev\u00ea poder economizar at\u00e9 R$ 1,5 bilh\u00e3o por ano, a partir de 2018, com [&hellip;]<\/p>\n","protected":false},"author":1,"featured_media":0,"comment_status":"","ping_status":"","sticky":false,"template":"","format":"standard","meta":{"footnotes":""},"categories":[3],"tags":[],"class_list":["post-2233","post","type-post","status-publish","format-standard","hentry","category-noticias"],"_links":{"self":[{"href":"https:\/\/hostnetart.com.br\/baixada\/wp-json\/wp\/v2\/posts\/2233","targetHints":{"allow":["GET"]}}],"collection":[{"href":"https:\/\/hostnetart.com.br\/baixada\/wp-json\/wp\/v2\/posts"}],"about":[{"href":"https:\/\/hostnetart.com.br\/baixada\/wp-json\/wp\/v2\/types\/post"}],"author":[{"embeddable":true,"href":"https:\/\/hostnetart.com.br\/baixada\/wp-json\/wp\/v2\/users\/1"}],"replies":[{"embeddable":true,"href":"https:\/\/hostnetart.com.br\/baixada\/wp-json\/wp\/v2\/comments?post=2233"}],"version-history":[{"count":0,"href":"https:\/\/hostnetart.com.br\/baixada\/wp-json\/wp\/v2\/posts\/2233\/revisions"}],"wp:attachment":[{"href":"https:\/\/hostnetart.com.br\/baixada\/wp-json\/wp\/v2\/media?parent=2233"}],"wp:term":[{"taxonomy":"category","embeddable":true,"href":"https:\/\/hostnetart.com.br\/baixada\/wp-json\/wp\/v2\/categories?post=2233"},{"taxonomy":"post_tag","embeddable":true,"href":"https:\/\/hostnetart.com.br\/baixada\/wp-json\/wp\/v2\/tags?post=2233"}],"curies":[{"name":"wp","href":"https:\/\/api.w.org\/{rel}","templated":true}]}}