{"id":2229,"date":"2015-09-01T00:00:00","date_gmt":"2015-09-01T03:00:00","guid":{"rendered":"https:\/\/hostnetart.com.br\/baixada\/negociacoes-da-campanha-nacional-2015-continuam-nesta-semana\/"},"modified":"2015-09-01T00:00:00","modified_gmt":"2015-09-01T03:00:00","slug":"negociacoes-da-campanha-nacional-2015-continuam-nesta-semana","status":"publish","type":"post","link":"https:\/\/hostnetart.com.br\/baixada\/negociacoes-da-campanha-nacional-2015-continuam-nesta-semana\/","title":{"rendered":"Negocia\u00e7\u00f5es da Campanha Nacional 2015 continuam nesta semana"},"content":{"rendered":"<p>A Campanha Nacional Unificada est\u00e1 com a agenda cheia nesta semana. At\u00e9 4 de setembro, o Comando Nacional se re\u00fane com representantes da Fenaban e as comiss\u00f5es de empresa com o Banco do Brasil e com a Caixa. <\/p>\n<p>A primeira \u00e9 nesta segunda-feira (31), com a dire\u00e7\u00e3o do BB. O debate ser\u00e1 entorno de seguran\u00e7a, igualdade de oportunidades e isonomia. Este ser\u00e1 o terceiro encontro. As primeiras foram sobre emprego, condi\u00e7\u00f5es de trabalho e sa\u00fade.<\/p>\n<p>Na quarta e na quinta-feira (2 e 3), o Comando Nacional dos Banc\u00e1rios se re\u00fane com a Fenaban para tratar das reivindica\u00e7\u00f5es de sa\u00fade, seguran\u00e7a e condi\u00e7\u00f5es de trabalho. Ser\u00e1 a segunda rodada sobre a pauta geral. Na primeira, o foco foi no emprego.<\/p>\n<p>Dentre as principais reivindica\u00e7\u00f5es da categoria discutidas com os bancos esta semana est\u00e3o o fim das metas abusivas e do ass\u00e9dio moral, altera\u00e7\u00e3o na reda\u00e7\u00e3o da cl\u00e1usula da Conven\u00e7\u00e3o Coletiva de Trabalho (CCT) de forma que o programa de reabilita\u00e7\u00e3o profissional seja realmente respeitado, al\u00e9m da extens\u00e3o integral de direitos para afastados e redu\u00e7\u00e3o da jornada durante amamenta\u00e7\u00e3o.<\/p>\n<p>Sobre seguran\u00e7a, reivindica\u00e7\u00f5es como a abertura e o fechamento remoto das ag\u00eancias, instala\u00e7\u00e3o de biombos nos caixas, melhor atendimento a banc\u00e1rios e demais v\u00edtimas de assalto, fim da revista de funcion\u00e1rios, extin\u00e7\u00e3o das tarifas para transfer\u00eancias de dinheiro via DOC e TED com o objetivo de combater o crime de saidinha de banco, est\u00e3o entre as principais.<\/p>\n<p>Com a Caixa, a segunda mesa espec\u00edfica da Campanha ser\u00e1 na sexta-feira (4) para tratar de Sa\u00fade Caixa, Funcef e aposentados. A primeira tratou de Sa\u00fade e Seguran\u00e7a Banc\u00e1ria.<\/p>\n<p>Sobre o conv\u00eanio m\u00e9dico, a reivindica\u00e7\u00e3o \u00e9 a utiliza\u00e7\u00e3o do resultado anual com aporte da Caixa (70%) para melhorias no plano; segrega\u00e7\u00e3o operacional cont\u00e1bil e financeira dos recursos, com a cria\u00e7\u00e3o de um fundo que os remunere; contrata\u00e7\u00e3o de assessoria especializada para acompanhar o Sa\u00fade Caixa na Gipes e na Gesap; revis\u00e3o geral tanto em rela\u00e7\u00e3o \u00e0s coberturas quanto aos limites de procedimentos; mudan\u00e7a do car\u00e1ter do Conselho de Usu\u00e1rios de consultivo para deliberativo.<\/p>\n<p>J\u00e1 para a Funcef, exige-se o reconhecimento do CTVA como verba salarial para fins de aporte aos que permaneceram no REG\/Replan n\u00e3o saldado e aos que o saldaram, e fim do voto de Minerva. O banco p\u00fablico assume a responsabilidade pelo aporte de recursos referentes a servi\u00e7o passado devido a condena\u00e7\u00f5es trabalhistas.<\/p>\n<p>Atualizada em 31\/08\/15 <\/p>\n<p>Fonte: Contraf-CUT, com Seeb SP<\/p>\n","protected":false},"excerpt":{"rendered":"<p>A Campanha Nacional Unificada est\u00e1 com a agenda cheia nesta semana. At\u00e9 4 de setembro, o Comando Nacional se re\u00fane com representantes da Fenaban e as comiss\u00f5es de empresa com o Banco do Brasil e com a Caixa. A primeira \u00e9 nesta segunda-feira (31), com a dire\u00e7\u00e3o do BB. O debate ser\u00e1 entorno de seguran\u00e7a, [&hellip;]<\/p>\n","protected":false},"author":1,"featured_media":0,"comment_status":"","ping_status":"","sticky":false,"template":"","format":"standard","meta":{"footnotes":""},"categories":[3],"tags":[],"class_list":["post-2229","post","type-post","status-publish","format-standard","hentry","category-noticias"],"_links":{"self":[{"href":"https:\/\/hostnetart.com.br\/baixada\/wp-json\/wp\/v2\/posts\/2229","targetHints":{"allow":["GET"]}}],"collection":[{"href":"https:\/\/hostnetart.com.br\/baixada\/wp-json\/wp\/v2\/posts"}],"about":[{"href":"https:\/\/hostnetart.com.br\/baixada\/wp-json\/wp\/v2\/types\/post"}],"author":[{"embeddable":true,"href":"https:\/\/hostnetart.com.br\/baixada\/wp-json\/wp\/v2\/users\/1"}],"replies":[{"embeddable":true,"href":"https:\/\/hostnetart.com.br\/baixada\/wp-json\/wp\/v2\/comments?post=2229"}],"version-history":[{"count":0,"href":"https:\/\/hostnetart.com.br\/baixada\/wp-json\/wp\/v2\/posts\/2229\/revisions"}],"wp:attachment":[{"href":"https:\/\/hostnetart.com.br\/baixada\/wp-json\/wp\/v2\/media?parent=2229"}],"wp:term":[{"taxonomy":"category","embeddable":true,"href":"https:\/\/hostnetart.com.br\/baixada\/wp-json\/wp\/v2\/categories?post=2229"},{"taxonomy":"post_tag","embeddable":true,"href":"https:\/\/hostnetart.com.br\/baixada\/wp-json\/wp\/v2\/tags?post=2229"}],"curies":[{"name":"wp","href":"https:\/\/api.w.org\/{rel}","templated":true}]}}