{"id":2223,"date":"2015-08-27T00:00:00","date_gmt":"2015-08-27T03:00:00","guid":{"rendered":"https:\/\/hostnetart.com.br\/baixada\/contraf-cut-ve-pros-e-contras-nas-mudancas-de-trabalho-da-ccasp\/"},"modified":"2015-08-27T00:00:00","modified_gmt":"2015-08-27T03:00:00","slug":"contraf-cut-ve-pros-e-contras-nas-mudancas-de-trabalho-da-ccasp","status":"publish","type":"post","link":"https:\/\/hostnetart.com.br\/baixada\/contraf-cut-ve-pros-e-contras-nas-mudancas-de-trabalho-da-ccasp\/","title":{"rendered":"Contraf-CUT v\u00ea pr\u00f3s e contras nas mudan\u00e7as de trabalho da CCASP"},"content":{"rendered":"<p>A Contraf-CUT participou da 106\u00aa reuni\u00e3o da Comiss\u00e3o Consultiva para Assuntos da Seguran\u00e7a Privada (CCASP), nesta quarta-feira (26), na sede da Pol\u00edcia Federal (PF), em S\u00e3o Paulo. A principal pauta do encontro foram mudan\u00e7as nas atribui\u00e7\u00f5es da CCASP. A portaria n\u00ba 485, de 25 de maio de 2015, do Minist\u00e9rio da Justi\u00e7a, determinou que a CCASP n\u00e3o avaliar\u00e1 mais os processos presencialmente, nas reuni\u00f5es trimestrais, em que eram julgados. <\/p>\n<p>A Comiss\u00e3o continuar\u00e1 tendo acesso aos processos, como os relativos \u00e0s multas aplicadas aos bancos, pela pol\u00edcia federal, por falhas na seguran\u00e7a de ag\u00eancias e postos de atendimento banc\u00e1rio, por exemplo. Mas as informa\u00e7\u00f5es n\u00e3o ser\u00e3o mais divulgadas trimestralmente, durante a reuni\u00e3o. O acesso poder\u00e1 ser feito diariamente, de forma eletr\u00f4nica, at\u00e9 o julgamento administrativo. <\/p>\n<p>\u201d O que fica pior \u00e9 que nas reuni\u00f5es consegu\u00edamos dar nossa opini\u00e3o sobre as autua\u00e7\u00f5es aplicadas contra as institui\u00e7\u00f5es financeiras e se estavam, na nossa avalia\u00e7\u00e3o, de acordo com os problemas de falta de seguran\u00e7a, que identificamos todos os dias nos bancos. Agora, isso n\u00e3o ser\u00e1 mais o foco das reuni\u00f5es, o que nos preocupa\u201d, avalia Sandro Mattos, diretor da Fetec\/CN, que representou a Contraf-CUT na reuni\u00e3o da CCASP. <\/p>\n<p>Por outro lado, a CCASP criou quatro grupos de trabalho para analisar os processos que chegam \u00e0 Comiss\u00e3o e elaborar teses para a resolu\u00e7\u00e3o dos problemas. A Contraf-CUT sugeriu e conseguiu a instala\u00e7\u00e3o de dois grupos de trabalho: <br \/>1) Monitoramento, Abertura e Fechamento Remoto das Ag\u00eancias; <br \/>2) Plano de Seguran\u00e7a das Ag\u00eancias de Neg\u00f3cio, PAAs e Blindagem das Fachadas das Ag\u00eancias e Caixas Eletr\u00f4nicos. <\/p>\n<p>A Contraf-CUT ficou respons\u00e1vel pela relatoria do segundo grupo e j\u00e1 prop\u00f4s a primeira reuni\u00e3o para setembro. \u201c\u00c9 um grande avan\u00e7o, porque trataremos de temas que nos interessam nos grupos de trabalho, com dados coletados em nossos sindicatos e federa\u00e7\u00f5es, que demonstram os problemas de falta de seguran\u00e7a nas ag\u00eancias enfrentados pelos banc\u00e1rios e tamb\u00e9m pelos clientes. Trabalharemos para que nossas propostas sejam acolhidas pela CCASP\u201d, explica Sandro Mattos. <\/p>\n<p>\u201cVamos ter que nos adaptar, j\u00e1 que o julgamento n\u00e3o ser\u00e1 mais presencial. Mas temos que ficar atentos aos processos e acionar nossa assessoria jur\u00eddica neste sentido. O positivo \u00e9 que os grupos abrem espa\u00e7o para o debate sobre as melhorias necess\u00e1rias na seguran\u00e7a banc\u00e1ria\u201d, avalia Danilo Anderson Castilho, diretor da Feeb-SP\/MS. <\/p>\n<p>O Coletivo Nacional de Seguran\u00e7a Banc\u00e1ria da Contraf-CUT tamb\u00e9m contou com a representa\u00e7\u00e3o de dirigentes sindicais de v\u00e1rias partes do Pa\u00eds na reuni\u00e3o da CCASP. <\/p>\n<p>Fonte: Contraf-CUT<\/p>\n","protected":false},"excerpt":{"rendered":"<p>A Contraf-CUT participou da 106\u00aa reuni\u00e3o da Comiss\u00e3o Consultiva para Assuntos da Seguran\u00e7a Privada (CCASP), nesta quarta-feira (26), na sede da Pol\u00edcia Federal (PF), em S\u00e3o Paulo. A principal pauta do encontro foram mudan\u00e7as nas atribui\u00e7\u00f5es da CCASP. A portaria n\u00ba 485, de 25 de maio de 2015, do Minist\u00e9rio da Justi\u00e7a, determinou que a [&hellip;]<\/p>\n","protected":false},"author":1,"featured_media":0,"comment_status":"","ping_status":"","sticky":false,"template":"","format":"standard","meta":{"footnotes":""},"categories":[3],"tags":[],"class_list":["post-2223","post","type-post","status-publish","format-standard","hentry","category-noticias"],"_links":{"self":[{"href":"https:\/\/hostnetart.com.br\/baixada\/wp-json\/wp\/v2\/posts\/2223","targetHints":{"allow":["GET"]}}],"collection":[{"href":"https:\/\/hostnetart.com.br\/baixada\/wp-json\/wp\/v2\/posts"}],"about":[{"href":"https:\/\/hostnetart.com.br\/baixada\/wp-json\/wp\/v2\/types\/post"}],"author":[{"embeddable":true,"href":"https:\/\/hostnetart.com.br\/baixada\/wp-json\/wp\/v2\/users\/1"}],"replies":[{"embeddable":true,"href":"https:\/\/hostnetart.com.br\/baixada\/wp-json\/wp\/v2\/comments?post=2223"}],"version-history":[{"count":0,"href":"https:\/\/hostnetart.com.br\/baixada\/wp-json\/wp\/v2\/posts\/2223\/revisions"}],"wp:attachment":[{"href":"https:\/\/hostnetart.com.br\/baixada\/wp-json\/wp\/v2\/media?parent=2223"}],"wp:term":[{"taxonomy":"category","embeddable":true,"href":"https:\/\/hostnetart.com.br\/baixada\/wp-json\/wp\/v2\/categories?post=2223"},{"taxonomy":"post_tag","embeddable":true,"href":"https:\/\/hostnetart.com.br\/baixada\/wp-json\/wp\/v2\/tags?post=2223"}],"curies":[{"name":"wp","href":"https:\/\/api.w.org\/{rel}","templated":true}]}}